{"id":14058,"date":"2022-11-14T02:59:24","date_gmt":"2022-11-14T02:59:24","guid":{"rendered":"https:\/\/eaglehouse.com\/forum\/?p=14058"},"modified":"2022-11-14T02:59:24","modified_gmt":"2022-11-14T02:59:24","slug":"rencontres-europeennes","status":"publish","type":"post","link":"https:\/\/eaglehouse.com\/forum\/rencontres-europeennes\/","title":{"rendered":"Rencontres europeennes"},"content":{"rendered":"<p>Rencontres europ\u00e9ennes. Le R\u00e9seau Europ\u00e9en Vivre la Ville. Comprend une centaine dassociations nationales et europ\u00e9ennes. Il organise des r\u00e9unions Les Rencontres europ\u00e9ennes Erasmus ou TCA Training and Cooperation Activities sont destin\u00e9es \u00e0 vous accompagner dans l\u00e9laboration de votre projet Erasmus <img decoding=\"async\" src=\"http:\/\/www.patrimoineaurhalpin.org\/wp-content\/uploads\/Rencontres-europe\u0301ennes-du-patrimoine.png\" alt=\"rencontres europeennes\" align=\"left\"> <img decoding=\"async\" src=\"https:\/\/www.silvereco.fr\/wp-content\/uploads\/2015\/08\/Resah-rencontres-europ\u00e9ennes-de-lachat-public-dinnovation-en-sant\u00e9.png\" alt=\"rencontres europeennes\" align=\"right\"> ACCUEIL AMICAL ET RENCONTRES EUROPEENNES AAERE. Et susciter des rencontres amicales et des \u00e9changes dordre culturel, linguistique, intellectuel, etc Rencontres europ\u00e9ennes: Pop Mind, 29-30 septembre \u00e0 Nancy. De cet \u00e9v\u00e9nement d\u00e9di\u00e9 \u00e0 la r\u00e9flexion et la prospective pour les musiques actuelles en Europe Beaune Rencontres europ\u00e9ennes: les Climats de Bourgogne c\u00e9l\u00e9br\u00e9s \u00e0 Beaune. 39 views39 views. Oct 23, 2016 Aug 2, 2013 En ao\u00fbt, Lauzerte accueille, \u00e0 nouveau, et avec enchantement, les Rencontres musicales europ\u00e9ennes organis\u00e9es gr\u00e2ce au partenariat de la 5 days ago Cest un adversaire politique, mais un partenaire europ\u00e9en, a soulign\u00e9 jeudi M. Macron, qui boucle ainsi sa tourn\u00e9e des 26 autres capitales LES RENCONTRES EUROPEENNES DE FRANCE TERRE DASILE. Le vieillissement des migrants et r\u00e9fugi\u00e9s arriv\u00e9s en Europe, et notamment en France 3 days ago Rencontre avec Cl\u00e9ment Huber, candidat fran\u00e7ais \u00e0 lAgence spatiale europ\u00e9enne pour \u00eatre astronaute Le ciel, fil conducteur de son parcours Rencontres europ\u00e9ennes: 13 entretiens sur lidentit\u00e9 europ\u00e9enne. Vision riche et profonde de notre appartenance \u00e0 lEurope du tournant du XXIe si\u00e8cle 5 days ago Emmanuel Macron rencontre ce lundi \u00e0 Budapest le Premier ministre hongrois. La d\u00e9fense europ\u00e9enne, au programme de la pr\u00e9sidence fran\u00e7aise Sep 14, 2021 Les rencontres europ\u00e9ennes de la participation ont \u00e9lu domicile \u00e0 Amiens du 13 au 15 septembre 2021. Au programme de cette 5\u00e8me \u00e9dition <img decoding=\"async\" src=\"https:\/\/www.bretagne.bzh\/app\/uploads\/visuel-rencontres-lingistiques-1.jpg\" alt=\"rencontres europeennes\" align=\"right\"> Feb 1, 2018 La troisi\u00e8me \u00e9dition des Rencontres europ\u00e9ennes de la nuit se tiendra les 1 et 2 f\u00e9vrier 2018 \u00e0 Lyon. Cet \u00e9v\u00e8nement rassemble les By E Nicand 2005 Soci\u00e9t\u00e9 de pathologie exotique, Paris. 6 Unit\u00e9 de g\u00e9n\u00e9tique mol\u00e9culaire des virus respiratoires, Institut Pasteur, Paris. PMID: 34732010 15 hours ago Cela concerne cinq matches de la deuxi\u00e8me journ\u00e9e de la Coupe dEurope et deux rencontres du Challenge europ\u00e9en, a pr\u00e9cis\u00e9 lEPCR qui a dit Collection: Rencontres europ\u00e9ennes \u00c9diteur: Bruylant. R\u00e9sultats: 1 \u00e0 11 sur 11 livres. Date de parution, Meilleures ventes, Prix croissant Mar 13, 2019 Le Service de coop\u00e9ration de lAmbassade de France et lInstitut fran\u00e7ais en Roumanie organisent les 9\u00e8mes Rencontres europ\u00e9ennes de EMM, les Rencontres Europ\u00e9ennes de M\u00e9catronique, organis\u00e9es par Th\u00e9same, est l\u00e9v\u00e9nement annuel d\u00e9di\u00e9 \u00e0 la m\u00e9catronique pour lindustrie, le Davos de la Les rencontres europ\u00e9ennes des lieux ind\u00e9pendants, alternatifs et associatifs. The European Meeting of Nonprofit and Artist-run Spaces Participantscom\u00e9diens: Rencontre anim\u00e9e par Jean-Fran\u00e7ois Perrier et Renan Benyamina. Copyright: theatre Cette semaine les 6 et 7 d\u00e9cembre, la ville de Cabourg accueille les treizi\u00e8mes Rencontres europ\u00e9ennes de lAdami. D\u00e9couvrez le programme des 3 ateliers Actes des rencontres europ\u00e9ennes PAP 2018. Les actes des rencontres PAP 2018 sont disponibles. Retrouvez lint\u00e9gralit\u00e9 illustr\u00e9e des \u00e9changes des Traduire lEurope, 9e Rencontres Europ\u00e9ennes de Litt\u00e9rature, aura lieu \u00e0 Strasbourg du 15 au 25 mars 2014. Apr\u00e8s George Steiner en 2013, linvit\u00e9 dhonneur LUEF organise cette s\u00e9rie de rencontres \u00e0 l\u00e9poque des n\u00e9gociations tenues par les gouvernements des Six sur la Communaut\u00e9 europ\u00e9enne de d\u00e9fense CED et Jul 29, 2020 Rencontres europ\u00e9ennes CO2, INDUSTRIES ET TERRITOIRES. Le rendez-vous des acteurs \u00e9conomiques et institutionnels europ\u00e9ens engag\u00e9s dans.<\/p>\n","protected":false},"excerpt":{"rendered":"<p>Rencontres europ\u00e9ennes. Le R\u00e9seau Europ\u00e9en Vivre la Ville. Comprend une centaine dassociations nationales et europ\u00e9ennes. Il organise des r\u00e9unions Les Rencontres europ\u00e9ennes Erasmus ou TCA Training and Cooperation Activities sont destin\u00e9es \u00e0 vous accompagner dans l\u00e9laboration de votre projet Erasmus ACCUEIL AMICAL ET RENCONTRES EUROPEENNES AAERE. Et susciter des rencontres amicales et des \u00e9changes dordre [&hellip;]<\/p>\n","protected":false},"author":1,"featured_media":0,"comment_status":"closed","ping_status":"closed","sticky":false,"template":"","format":"standard","meta":{"footnotes":""},"categories":[],"tags":[],"class_list":["post-14058","post","type-post","status-publish","format-standard","hentry"],"_links":{"self":[{"href":"https:\/\/eaglehouse.com\/forum\/wp-json\/wp\/v2\/posts\/14058","targetHints":{"allow":["GET"]}}],"collection":[{"href":"https:\/\/eaglehouse.com\/forum\/wp-json\/wp\/v2\/posts"}],"about":[{"href":"https:\/\/eaglehouse.com\/forum\/wp-json\/wp\/v2\/types\/post"}],"author":[{"embeddable":true,"href":"https:\/\/eaglehouse.com\/forum\/wp-json\/wp\/v2\/users\/1"}],"replies":[{"embeddable":true,"href":"https:\/\/eaglehouse.com\/forum\/wp-json\/wp\/v2\/comments?post=14058"}],"version-history":[{"count":0,"href":"https:\/\/eaglehouse.com\/forum\/wp-json\/wp\/v2\/posts\/14058\/revisions"}],"wp:attachment":[{"href":"https:\/\/eaglehouse.com\/forum\/wp-json\/wp\/v2\/media?parent=14058"}],"wp:term":[{"taxonomy":"category","embeddable":true,"href":"https:\/\/eaglehouse.com\/forum\/wp-json\/wp\/v2\/categories?post=14058"},{"taxonomy":"post_tag","embeddable":true,"href":"https:\/\/eaglehouse.com\/forum\/wp-json\/wp\/v2\/tags?post=14058"}],"curies":[{"name":"wp","href":"https:\/\/api.w.org\/{rel}","templated":true}]}}