{"id":14135,"date":"2022-11-14T03:05:21","date_gmt":"2022-11-14T03:05:21","guid":{"rendered":"https:\/\/eaglehouse.com\/forum\/?p=14135"},"modified":"2022-11-14T03:05:21","modified_gmt":"2022-11-14T03:05:21","slug":"rencontres-territoriales","status":"publish","type":"post","link":"https:\/\/eaglehouse.com\/forum\/rencontres-territoriales\/","title":{"rendered":"Rencontres territoriales"},"content":{"rendered":"<p>2 days ago. De r\u00e9flexion autour de la r\u00e9silience territoriale et du changement climatique. RENCONTRE ECONOMIE CIRCULAIRE ET INNOVATIONS CALL 11 hours ago Note 02 Dans le cadre des Rencontres territoriales des espaces verts organis\u00e9es par le CNFPT et PlanteCit\u00e9, \u00e0 Rennes le 6 octobre 2021 Les rencontres territoriales de la rentr\u00e9e citoyenne. 12 septembre 2016. Dans chaque r\u00e9gion et sans doute dans votre d\u00e9partement dici le 15 octobre 20 hours ago Collectif-grandest. Org est la plateforme collaborative de l\u00e9conomie circulaire des acteurs de la r\u00e9gion Grand Est. Ce portail territorial 2 days ago. Professionnelle territoriale de sant\u00e9 du Tr\u00e9gor CPTS, se sont. Au programme: de la pr\u00e9vention sant\u00e9 par le biais de rencontres Rencontres territoriales de Bergerac Date. 8 juin 2019 Horaires. 09: 00-13: 00 March\u00e9 de Bergerac. Place Mar\u00e9chal de Lattre de Tassigny, 24100 Bergerac Forte de ses valeurs de solidarit\u00e9, de son ancrage territorial national et de son ADN r\u00e9solument mutualiste, A\u00c9SIO mutuelle accompagne ses adh\u00e9rents CNFPT-Rencontres territoriales de la vie associative. Le mardi 19 juin Pantin. Le d\u00e9veloppement du partenariat associatif dans un contexte territorial en Bienvenue aux 15\u00e8mes Rencontres Territoriales de Midi-Pyr\u00e9n\u00e9es. Fournisseurs des collectivit\u00e9s territoriales de pouvoir dialoguer en un seul lieu Sep 26, 2017 Les 02 et 17 octobre 2017 se sont tenues \u00e0 Villers-l\u00e8s-Nancy et \u00e0 Reims des rencontres territoriales des adultes relais organis\u00e9es par la LE ROLE MOTEUR DES COLLECTIVITES LOCALES DANS LE DOMAINE DU DEVELOPPEMENT DURABLE Partage dexp\u00e9riences autour de 5 secteurs principaux: ENERGIES Rencontre territoriale du 07 septembre 2012, organis\u00e9e par: Madame Karine CLAIREAUX. Afin de faciliter la prise en compte des enseignements des rencontres 4 days ago. \u00c0 Marseille pour une journ\u00e9e de rencontres aupr\u00e8s des \u00e9lus locaux, Avec les collectivit\u00e9s territoriales, r\u00e9pond \u00e0 nos questions sur <img decoding=\"async\" src=\"https:\/\/france3-regions.francetvinfo.fr\/image\/Jgiv03-vNI3Oy7PvMn0jO9rY9jo\/600x400\/regions\/2021\/11\/05\/61856dde6019b_bastiani-angelini-5508319.jpg\" alt=\"rencontres territoriales\" align=\"right\"> 2 days ago Lundi 13 d\u00e9cembre, \u00e0 la salle des Ursulines \u00e0 Saulieu, la communaut\u00e9 de communes de Saulieu et la Caisse dallocations de la C\u00f4te-dOr ont <img decoding=\"async\" src=\"https:\/\/www.lechabada.com\/site2015\/wp-content\/uploads\/2020\/09\/art-rencontresterritoire.jpg\" alt=\"rencontres territoriales\" align=\"right\"> <img decoding=\"async\" src=\"https:\/\/www.ciril.net\/images\/articles\/actualites\/ciril_group_rtmp_2021_small.jpg\" alt=\"rencontres territoriales\" align=\"right\"> Les rencontres territoriales ont pour objectif de favoriser les r\u00e9flexions et les \u00e9changes entre professionnels territoriaux, \u00e9lus et partenaires de RENCONTRES TERRITORIALES DES PARCOURS DE SANT\u00c9-DAC 93 SUD. Actualit\u00e9 cr\u00e9\u00e9e le mercredi 16 juin 2021. Logo_DAC 93 Sud. Png Rencontres territoriales du tourisme \u00e0 Saint-Andr\u00e9-les-Alpes. La strat\u00e9gie touristique en cours de d\u00e9finition. CCAPV3 La Communaut\u00e9 de Communes D\u00e9couvrez lANCV ses produits Ch\u00e8ques-Vacances, e-Ch\u00e8ques-Vacances, Coupons Sport ses programmes daide au d\u00e9part en vacances ainsi que son actualit\u00e9.<\/p>\n","protected":false},"excerpt":{"rendered":"<p>2 days ago. De r\u00e9flexion autour de la r\u00e9silience territoriale et du changement climatique. RENCONTRE ECONOMIE CIRCULAIRE ET INNOVATIONS CALL 11 hours ago Note 02 Dans le cadre des Rencontres territoriales des espaces verts organis\u00e9es par le CNFPT et PlanteCit\u00e9, \u00e0 Rennes le 6 octobre 2021 Les rencontres territoriales de la rentr\u00e9e citoyenne. 12 septembre [&hellip;]<\/p>\n","protected":false},"author":1,"featured_media":0,"comment_status":"closed","ping_status":"closed","sticky":false,"template":"","format":"standard","meta":{"footnotes":""},"categories":[],"tags":[],"class_list":["post-14135","post","type-post","status-publish","format-standard","hentry"],"_links":{"self":[{"href":"https:\/\/eaglehouse.com\/forum\/wp-json\/wp\/v2\/posts\/14135","targetHints":{"allow":["GET"]}}],"collection":[{"href":"https:\/\/eaglehouse.com\/forum\/wp-json\/wp\/v2\/posts"}],"about":[{"href":"https:\/\/eaglehouse.com\/forum\/wp-json\/wp\/v2\/types\/post"}],"author":[{"embeddable":true,"href":"https:\/\/eaglehouse.com\/forum\/wp-json\/wp\/v2\/users\/1"}],"replies":[{"embeddable":true,"href":"https:\/\/eaglehouse.com\/forum\/wp-json\/wp\/v2\/comments?post=14135"}],"version-history":[{"count":0,"href":"https:\/\/eaglehouse.com\/forum\/wp-json\/wp\/v2\/posts\/14135\/revisions"}],"wp:attachment":[{"href":"https:\/\/eaglehouse.com\/forum\/wp-json\/wp\/v2\/media?parent=14135"}],"wp:term":[{"taxonomy":"category","embeddable":true,"href":"https:\/\/eaglehouse.com\/forum\/wp-json\/wp\/v2\/categories?post=14135"},{"taxonomy":"post_tag","embeddable":true,"href":"https:\/\/eaglehouse.com\/forum\/wp-json\/wp\/v2\/tags?post=14135"}],"curies":[{"name":"wp","href":"https:\/\/api.w.org\/{rel}","templated":true}]}}