{"id":14969,"date":"2022-11-14T10:22:18","date_gmt":"2022-11-14T10:22:18","guid":{"rendered":"https:\/\/eaglehouse.com\/forum\/?p=14969"},"modified":"2022-11-14T10:22:18","modified_gmt":"2022-11-14T10:22:18","slug":"rencontres-musicales-de-vezelay","status":"publish","type":"post","link":"https:\/\/eaglehouse.com\/forum\/rencontres-musicales-de-vezelay\/","title":{"rendered":"Rencontres musicales de v\u00e9zelay"},"content":{"rendered":"<p><img decoding=\"async\" src=\"https:\/\/toutelaculture.com\/wp-content\/uploads\/2021\/08\/Concert-a-la-basilique-\u00a9-Francois-Zuidberg-1024x622.jpg\" alt=\"rencontres musicales de v\u00e9zelay\" align=\"left\"> Aug 19, 2021 Ga\u00e9tan Jarry et son ensemble Marguerite Louise ouvrent les Rencontres musicales 2021 avec un concert de grands motets fran\u00e7ais du XVIIIe Sep 3, 2014 Rencontres musicales de V\u00e9zelay, avec Marc-Antoine Charpentier et Jean-Philippe Rameau critique \u00e0 By E N\u00e9grier 2012 Avec 13 \u00e9ditions, les Rencontres Musicales de V\u00e9zelay font partie des jeunes \u00e9v\u00e9nements musicaux, surtout dans le secteur des musiques savantes. Il est <img decoding=\"async\" src=\"https:\/\/www.orchestredijonbourgogne.fr\/sites\/default\/files\/2017-06\/page-Vezelay.jpg\" alt=\"rencontres musicales de v\u00e9zelay\" align=\"left\"> Rencontres musicales de V\u00e9zelay \u00e0 V\u00e9zelay. En ao\u00fbt, ce festival est consacr\u00e9 \u00e0 lart vocal sacr\u00e9. Les plus beaux lieux de la ville de V\u00e9zelay abritent les Rencontres Musicales de V\u00e9zelay. Festival international de musique classique d\u00e9di\u00e9 \u00e0 lart vocal. Avallonnais Asquins, Avallon, Saint-P\u00e8re-sous-V\u00e9zelay Aug 12, 2021 4 jours de concerts, de chant, du matin au soir \u00e0 V\u00e9zelay et dans les. De cette 21\u00e8me \u00e9dition des Rencontres Musicales de V\u00e9zelay La 21e \u00e9dition du festival des Rencontres musicales de V\u00e9zelay se tient jusquau 22 ao\u00fbt. Au programme: de Aug 20, 2021 La 21e \u00e9dition du festival des Rencontres musicales de V\u00e9zelay se tient jusquau 22 ao\u00fbt. Au programme: de la musique avec une grande Que seraient les festivals sans les b\u00e9n\u00e9voles qui y travaillent, avec passion, partout en France. Place \u00e0 deux d Jun 3, 2019 La billetterie des Rencontres musicales de V\u00e9zelay ouvre aujourdhui. Et pour ses vingt ans, le festival teste quelques nouveaut\u00e9s <img decoding=\"async\" src=\"https:\/\/img.lamontagne.fr\/EFVWYcwTwty6XzOHsOh8uoqTFSClRkNPoknTRyN_5fM\/fit\/657\/438\/sm\/0\/bG9jYWw6Ly8vMDAvMDAvMDMvOTIvNDAvMjAwMDAwMzkyNDA5MQ.jpg\" alt=\"rencontres musicales de v\u00e9zelay\" align=\"left\"> Oct 1, 2014 La venue, \u00e0 V\u00e9zelay Yonne, dans le cadre des Rencontres Musicales 2014, de ce ch\u0153ur de chambre de haute qualit\u00e9, avait quelque chose de Rencontres Musicales de V\u00e9zelay-Billetterie. 4 Rue de lH\u00f4pital, 89450 V\u00e9zelay. Apparence; Photos; Information; Heures douverture; Prestations de service Lettre rencontre de parents www rencontres musicales de vezelay Suivez-nous: linda de suza un jour on se rencontrera paroles Tiktok anibis rencontres. Ch RENCONTRES MUSICALES DE V\u00c9ZELAY-V\u00e9zelay 89450-Musique: Festival de musique classique sacr\u00e9e, qui propose des concerts sur 4 jours au mois dao\u00fbt dans Aug 19, 2021 Rencontres Musicales de V\u00e9zelay 2021-08-19 V\u00e9zelay Rencontres Musicales de V\u00e9zelay, Rue de lH\u00f4pital Cit\u00e9 de la Voix. Yonne V\u00e9zelay jeudi 19 Aug 22, 2021 Un rendez-vous de quatre jours d\u00e9di\u00e9 \u00e0 lart vocal o\u00f9 les artistes les plus talentueux invitent le public \u00e0 un voyage musical vari\u00e9 sur un V\u00e9zelay 89450-Du jeu. 19 ao\u00fbt 21 au dim. 22 ao\u00fbt 21: Du 19 au 22 ao\u00fbt, les Rencontres Musicales de V\u00e9zelay vous convient \u00e0 un festival autour de la Aug 22, 2021 Depuis 2000, Les Rencontres Musicales de V\u00e9zelay rassemblent les amateurs amoureux de lart vocal, dans le cadre magique du village de pour quatre jours et plus de vingt concerts lors dun festival exceptionnel autour de lart vocal: voici les Rencontres Musicales de V\u00e9zelay Aug 14, 2021 Absentes en 2020, les Rencontres Musicales reviennent \u00e0 V\u00e9zelay Yonne et aux alentours, du 19 au 22 Ao\u00fbt, avec une vingtaine de concerts May 3, 2019 22 to 25 August 2019 Les Rencontres Musicales celebrate their 20th anniversary from 22 to 25 August 2019. Its already time to reserve your Les Rencontres Musicales de V\u00e9zelay sont consacr\u00e9es \u00e0 lart vocal, avec La Cit\u00e9 de la Voix. Elles ont lieu chaque ann\u00e9e \u00e0 la fin du mois dao\u00fbt. Quatre.<\/p>\n","protected":false},"excerpt":{"rendered":"<p>Aug 19, 2021 Ga\u00e9tan Jarry et son ensemble Marguerite Louise ouvrent les Rencontres musicales 2021 avec un concert de grands motets fran\u00e7ais du XVIIIe Sep 3, 2014 Rencontres musicales de V\u00e9zelay, avec Marc-Antoine Charpentier et Jean-Philippe Rameau critique \u00e0 By E N\u00e9grier 2012 Avec 13 \u00e9ditions, les Rencontres Musicales de V\u00e9zelay font partie des jeunes [&hellip;]<\/p>\n","protected":false},"author":1,"featured_media":0,"comment_status":"closed","ping_status":"closed","sticky":false,"template":"","format":"standard","meta":{"footnotes":""},"categories":[],"tags":[],"class_list":["post-14969","post","type-post","status-publish","format-standard","hentry"],"_links":{"self":[{"href":"https:\/\/eaglehouse.com\/forum\/wp-json\/wp\/v2\/posts\/14969","targetHints":{"allow":["GET"]}}],"collection":[{"href":"https:\/\/eaglehouse.com\/forum\/wp-json\/wp\/v2\/posts"}],"about":[{"href":"https:\/\/eaglehouse.com\/forum\/wp-json\/wp\/v2\/types\/post"}],"author":[{"embeddable":true,"href":"https:\/\/eaglehouse.com\/forum\/wp-json\/wp\/v2\/users\/1"}],"replies":[{"embeddable":true,"href":"https:\/\/eaglehouse.com\/forum\/wp-json\/wp\/v2\/comments?post=14969"}],"version-history":[{"count":0,"href":"https:\/\/eaglehouse.com\/forum\/wp-json\/wp\/v2\/posts\/14969\/revisions"}],"wp:attachment":[{"href":"https:\/\/eaglehouse.com\/forum\/wp-json\/wp\/v2\/media?parent=14969"}],"wp:term":[{"taxonomy":"category","embeddable":true,"href":"https:\/\/eaglehouse.com\/forum\/wp-json\/wp\/v2\/categories?post=14969"},{"taxonomy":"post_tag","embeddable":true,"href":"https:\/\/eaglehouse.com\/forum\/wp-json\/wp\/v2\/tags?post=14969"}],"curies":[{"name":"wp","href":"https:\/\/api.w.org\/{rel}","templated":true}]}}