{"id":15200,"date":"2022-11-14T10:38:25","date_gmt":"2022-11-14T10:38:25","guid":{"rendered":"https:\/\/eaglehouse.com\/forum\/?p=15200"},"modified":"2022-11-14T10:38:25","modified_gmt":"2022-11-14T10:38:25","slug":"rencontre-economique-2","status":"publish","type":"post","link":"https:\/\/eaglehouse.com\/forum\/rencontre-economique-2\/","title":{"rendered":"Rencontre economique"},"content":{"rendered":"<p>19 hours ago. Meilleur Strasbourgeois de la rencontre face \u00e0 Valenciennes 0-1. S\u00e9minaires Comit\u00e9 social et \u00e9conomique CSE, clubs amateurs et 12 hours ago Originaire de Saint-Denis Seine-Saint-Denis Vanessa Fataccy est la cr\u00e9atrice de Jamii, un jeu de soci\u00e9t\u00e9 sur les cultures afro 3 days ago La forte reprise \u00e9conomique post-Covid qui a rebattu les cartes en mati\u00e8re demploi et une situation de quasi plein-emploi dans le bassin Mar 9, 2021. D\u00e9roulera la premi\u00e8re \u00e9dition des rencontres \u00e9conomiques des Femmes Chefs. Des FCE \u00e0 Narbonne pour la rencontre \u00e9conomique du 12 mars 4 days ago. LANAPEC pr\u00e9voit une rencontre le 15 d\u00e9cembre 2021 pr\u00e9sid\u00e9e par le ministre de linclusion \u00e9conomique, de la petite entreprise 1 day ago Les accords dAbraham de Trump ont torpill\u00e9 les relations pendant cinq ans, et pour tr\u00e8s longtemps. Premier dialogue \u00e9conomique Une vingtaine dacteurs \u00e9conomiques et dexperts en environnement se sont rencontr\u00e9s vendredi apr\u00e8s-midi pour \u00e9changer sur les pratiques vertueuses Monsieur le Premier ministre, Cher Abdelmalek Sellal, Mesdames et Messieurs les ministres, Messieurs les pr\u00e9sidents du Conseil daffaires franco-alg\u00e9rien et des <img decoding=\"async\" src=\"https:\/\/cdn2.webmanagercenter.com\/wmc\/wp-content\/uploads\/2021\/03\/tunisie-cjd-beitelhikma.jpg\" alt=\"rencontre economique\" align=\"right\"> <img decoding=\"async\" src=\"https:\/\/www.laprovence.com\/media\/2021\/04\/23\/1619194665_img_1552.jpg\" alt=\"rencontre economique\" align=\"right\"> Jan 20, 2015 Lundi 19 janvier 2014, M. Jean ZUCCARELLI, Conseiller Ex\u00e9cutif de Corse, Pr\u00e9sident de lADEC, sest rendu, accompagn\u00e9 de ses services Jun 22, 2021 Les Rencontres d\u00c9t\u00e9 de l\u00c9conomie du Finist\u00e8re 1er Juillet 2021 Richard Ferrand, Pr\u00e9sident de lAssembl\u00e9e Nationale, Pascal Jaouen, brodeur Depuis plus de 10 ans, les Rencontres \u00e9conomiques constituent le rendez-vous incontournable des acteurs \u00e9conomiques, scientifiques et institutionnels qui <img decoding=\"async\" src=\"https:\/\/breitenbach.fr\/wp-content\/uploads\/2013\/02\/S7001869.jpg\" alt=\"rencontre economique\" align=\"right\"> Aug 24, 2021. Le vendredi 03 septembre 2021 au Parc des expositions de Saint-Denis NORDEV, les rencontres \u00e9conomiques du territoire du nord Les Rencontres \u00c9conomiques dAix-en-Provence sont un forum \u00e9conomique organis\u00e9 par Le Cercle des \u00e9conomistes depuis 2001, dans la ville dAix-en-Provence Rupture du contrat de travail dans le secteur priv\u00e9 Licenciement \u00e9conomique Licenciement dun salari\u00e9 pour motif personnel secteur priv\u00e9 LES RENCONTRES INTELLIGENCE ECONOMIQUE DE PARIS-SACLAY. Date: 22 juin 2021. Horaires: 09: 30-15: 00. Adresse: visio Paris. Organisateur: Rencontres avec les Petites Cit\u00e9s de Caract\u00e8re: du patrimoine au d\u00e9veloppement \u00e9conomique Galeries Rencontre Internationale de la Francophonie \u00e9conomique 1er Forum mondial de la langue fran\u00e7aise. 28 Mai 2017 Archive appels \u00e0 candidature 3 days ago Rencontre avec Auum qui innove pour remplacer les gobelets jetables. Solutions \u00e9cologiques ayant une viabilit\u00e9 financi\u00e8re et \u00e9conomique.<\/p>\n","protected":false},"excerpt":{"rendered":"<p>19 hours ago. Meilleur Strasbourgeois de la rencontre face \u00e0 Valenciennes 0-1. S\u00e9minaires Comit\u00e9 social et \u00e9conomique CSE, clubs amateurs et 12 hours ago Originaire de Saint-Denis Seine-Saint-Denis Vanessa Fataccy est la cr\u00e9atrice de Jamii, un jeu de soci\u00e9t\u00e9 sur les cultures afro 3 days ago La forte reprise \u00e9conomique post-Covid qui a rebattu les [&hellip;]<\/p>\n","protected":false},"author":1,"featured_media":0,"comment_status":"closed","ping_status":"closed","sticky":false,"template":"","format":"standard","meta":{"footnotes":""},"categories":[],"tags":[],"class_list":["post-15200","post","type-post","status-publish","format-standard","hentry"],"_links":{"self":[{"href":"https:\/\/eaglehouse.com\/forum\/wp-json\/wp\/v2\/posts\/15200","targetHints":{"allow":["GET"]}}],"collection":[{"href":"https:\/\/eaglehouse.com\/forum\/wp-json\/wp\/v2\/posts"}],"about":[{"href":"https:\/\/eaglehouse.com\/forum\/wp-json\/wp\/v2\/types\/post"}],"author":[{"embeddable":true,"href":"https:\/\/eaglehouse.com\/forum\/wp-json\/wp\/v2\/users\/1"}],"replies":[{"embeddable":true,"href":"https:\/\/eaglehouse.com\/forum\/wp-json\/wp\/v2\/comments?post=15200"}],"version-history":[{"count":0,"href":"https:\/\/eaglehouse.com\/forum\/wp-json\/wp\/v2\/posts\/15200\/revisions"}],"wp:attachment":[{"href":"https:\/\/eaglehouse.com\/forum\/wp-json\/wp\/v2\/media?parent=15200"}],"wp:term":[{"taxonomy":"category","embeddable":true,"href":"https:\/\/eaglehouse.com\/forum\/wp-json\/wp\/v2\/categories?post=15200"},{"taxonomy":"post_tag","embeddable":true,"href":"https:\/\/eaglehouse.com\/forum\/wp-json\/wp\/v2\/tags?post=15200"}],"curies":[{"name":"wp","href":"https:\/\/api.w.org\/{rel}","templated":true}]}}