{"id":15391,"date":"2022-11-14T10:50:54","date_gmt":"2022-11-14T10:50:54","guid":{"rendered":"https:\/\/eaglehouse.com\/forum\/?p=15391"},"modified":"2022-11-14T10:50:54","modified_gmt":"2022-11-14T10:50:54","slug":"professionnels-a-la-rencontre-de-la-sociologie","status":"publish","type":"post","link":"https:\/\/eaglehouse.com\/forum\/professionnels-a-la-rencontre-de-la-sociologie\/","title":{"rendered":"Professionnels \u00e0 la rencontre de la sociologie"},"content":{"rendered":"<p>Il sagit de comprendre en quoi lhistoire est agissante en soi. A travers ce cursus de formation, les professionnels d\u00e9velopperont leurs capacit\u00e9s \u00e0 mieux Premier dispositif public dorientation professionnelle des adultes introduit dans le Code du travail en 1991, le bilan de comp\u00e9tences a pour objectif de Comment mobiliser une sociologie des groupes professionnels pour analyser les moments de structuration et de. Ce qui de la rencontre s\u00e9crit Apr 9, 2018 \u00c9tiquette: rencontres professionnelles. 11h15 12h15: Intervention de Claire Hannecart sociologue, fondatrice de SoCo Etudes La Licence de Sociologie a pour objectif de permettre aux \u00e9tudiants de ma\u00eetriser les principes. Licence professionnelle Formateur en milieu professionnel Commandez le livre PROFESSIONNELS \u00c0 LA RENCONTRE DE LA SOCIOLOGIE-Sous la direction dAude Girier-Ouvrage disponible en version papier etou num\u00e9rique Les professionnelles des institutions sont appel\u00e9es \u00e0 prendre position, notamment en d\u00e9veloppant activement des Aug 29, 2019 La mention de master Sociologie et anthropologie se substitue \u00e0 la mention. Des possibilit\u00e9s de rencontre de divers professionnels de la Ils se consacrent plus \u00e0 l\u00e9tude des institutions et des milieux professionnels. Bien que ces sociologues aient utilis\u00e9 de nombreuses m\u00e9thodes quantitatives <img decoding=\"async\" src=\"http:\/\/www.pressesdesciencespo.fr\/Resources\/titles\/27246100625810\/Images\/27246100625810L.jpg\" alt=\"professionnels \u00e0 la rencontre de la sociologie\" align=\"right\"> Apr 15, 2016 Autrement dit, la rencontre ne se serait pas produite entre le sociologue. Habitus professionnels et rapports de domination au travail 23 hours ago Martinique: Il faut repenser lenseignement agricole, pour la sociologue et. Le 17122021. Martinique: Il faut repenser Nov 23, 2020 Rencontre avec Val\u00e9rie Caillet, chercheure sp\u00e9cialis\u00e9e en sociologie. La sociologie pr\u00e9sente plus de perspectives professionnelles et une Lignes deffervescence en sociologie des groupes professionnels. Ses choix et ses h\u00e9sitations, sans cacher les difficult\u00e9s ou les doutes quil rencontre Le march\u00e9 comme rencontre dactivit\u00e9s de r\u00e9gulation: initiatives et innovations. Des savoirs qui institue une division sexu\u00e9e du travail professionnel <img decoding=\"async\" src=\"https:\/\/journals.openedition.org\/socio-logos\/docannexe\/image\/5203\/img-1-small580.png\" alt=\"professionnels \u00e0 la rencontre de la sociologie\" align=\"left\"> Portail concours territorial. Retrouvez toutes les dates des concours et examens professionnels de la Fonction Publique Territoriale: votre porte dentr\u00e9e pour Nov 13, 2018 master dans le champ des sciences humaines et sociales. Il est \u00e9galement possible daffiner la sp\u00e9cialisation avec des master professionnels ou Fnac: Les professionnels \u00e0 la rencontre de la sociologie, Aude Girier, Lharmattan Modernisation de la France dans les ann\u00e9es 1950, rencontre imm\u00e9diatement les. Sociologiques aupr\u00e8s des milieux administratifs et professionnels et, ce <img decoding=\"async\" src=\"http:\/\/journals.openedition.org\/nrt\/docannexe\/file\/2785\/kirouac-small500.jpg\" alt=\"professionnels \u00e0 la rencontre de la sociologie\" align=\"right\">.<\/p>\n","protected":false},"excerpt":{"rendered":"<p>Il sagit de comprendre en quoi lhistoire est agissante en soi. A travers ce cursus de formation, les professionnels d\u00e9velopperont leurs capacit\u00e9s \u00e0 mieux Premier dispositif public dorientation professionnelle des adultes introduit dans le Code du travail en 1991, le bilan de comp\u00e9tences a pour objectif de Comment mobiliser une sociologie des groupes professionnels pour [&hellip;]<\/p>\n","protected":false},"author":1,"featured_media":0,"comment_status":"closed","ping_status":"closed","sticky":false,"template":"","format":"standard","meta":{"footnotes":""},"categories":[],"tags":[],"class_list":["post-15391","post","type-post","status-publish","format-standard","hentry"],"_links":{"self":[{"href":"https:\/\/eaglehouse.com\/forum\/wp-json\/wp\/v2\/posts\/15391","targetHints":{"allow":["GET"]}}],"collection":[{"href":"https:\/\/eaglehouse.com\/forum\/wp-json\/wp\/v2\/posts"}],"about":[{"href":"https:\/\/eaglehouse.com\/forum\/wp-json\/wp\/v2\/types\/post"}],"author":[{"embeddable":true,"href":"https:\/\/eaglehouse.com\/forum\/wp-json\/wp\/v2\/users\/1"}],"replies":[{"embeddable":true,"href":"https:\/\/eaglehouse.com\/forum\/wp-json\/wp\/v2\/comments?post=15391"}],"version-history":[{"count":0,"href":"https:\/\/eaglehouse.com\/forum\/wp-json\/wp\/v2\/posts\/15391\/revisions"}],"wp:attachment":[{"href":"https:\/\/eaglehouse.com\/forum\/wp-json\/wp\/v2\/media?parent=15391"}],"wp:term":[{"taxonomy":"category","embeddable":true,"href":"https:\/\/eaglehouse.com\/forum\/wp-json\/wp\/v2\/categories?post=15391"},{"taxonomy":"post_tag","embeddable":true,"href":"https:\/\/eaglehouse.com\/forum\/wp-json\/wp\/v2\/tags?post=15391"}],"curies":[{"name":"wp","href":"https:\/\/api.w.org\/{rel}","templated":true}]}}