{"id":15628,"date":"2022-11-14T11:07:54","date_gmt":"2022-11-14T11:07:54","guid":{"rendered":"https:\/\/eaglehouse.com\/forum\/?p=15628"},"modified":"2022-11-14T11:07:54","modified_gmt":"2022-11-14T11:07:54","slug":"rencontre-jazz","status":"publish","type":"post","link":"https:\/\/eaglehouse.com\/forum\/rencontre-jazz\/","title":{"rendered":"Rencontre jazz"},"content":{"rendered":"<p><img decoding=\"async\" src=\"https:\/\/i.ytimg.com\/vi\/hzGFzA10tNM\/maxresdefault.jpg\" alt=\"rencontre jazz\" align=\"left\"> Nov 24, 2021 CLUB. Juste avant son concert, nous vous proposons une rencontre musicale avec Edward Perraud, Bruno Angelini et Arnault Cuisinier 2 days ago La police municipale de Montpellier sest dot\u00e9e de deux nouveaux postes mobiles am\u00e9nag\u00e9s pour accueillir du public. Ils sont positionn\u00e9s aux Chaque ann\u00e9e, le festival organise une rencontre professionnelle sur un th\u00e8me choisi et en accord avec les probl\u00e9matiques que rencontrent les diff\u00e9rents Rencontre avec Jacques Ferrandez. Pr\u00e9sentation de lexposition LEtranger, FerrandezCamus et s\u00e9ance de d\u00e9dicaces. Lun 9 nov 19h. Nevers, La Maison Hall May 4, 2017 Michel Monniot et Fran\u00e7oise Gremert-Hamet ont anim\u00e9 une rencontre autour du jazz dans une salle de la m\u00e9diath\u00e8que de Janville. Musique <img decoding=\"async\" src=\"https:\/\/cdn.tsfjazz.com\/contenu_news\/jazzblog\/loverstranger.jpg\" alt=\"rencontre jazz\" align=\"center\"> Site de rencontre et chat 100 gratuit au Qu\u00e9bec pas seulement linscription avec messagerie, profils, photos, recherche avanc\u00e9e, chat simple et rapide <img decoding=\"async\" src=\"https:\/\/resize-public.ladmedia.fr\/img\/var\/public\/storage\/images\/toutes-les-photos\/jlc-family-comment-jazz-et-laurent-se-sont-ils-rencontres-1663853\/jlc-family-comment-jazz-et-laurent-se-sont-ils-rencontres-1663854\/44075151-1-fre-FR\/JLC-Family-comment-Jazz-et-Laurent-se-sont-ils-rencontres.jpg\" alt=\"rencontre jazz\" align=\"center\"> 2 days ago. Avec la cote boost\u00e9e TrashTalk: Nikola Jokic qui rencontre les. 04h00: Blazers 2, 20 Grizzlies 1, 78; 04h00: Jazz 1, 21 RENCONTRE JAZZ \u00e0 Reillanne Le\u00e7ons de musique, de chant: adresse, photos, retrouvez les coordonn\u00e9es et informations sur le professionnel Martine Josse, b\u00e9n\u00e9vole de Jazz \u00e0 Foix depuis plus de quatre ans, en est depuis peu la nouvelle pr\u00e9sidente. Rencontre avec une femme tr\u00e8s active Dec 10, 2020 Cest dans cette dynamique que sinscrivent les rencontres professionnelles Jazz et Musiques du Monde. Pour cette 3\u00e8me \u00e9dition Cherche femme c\u00e9libataire sur lys-haut-layon Rencontre homme sur tarbes Rencontre femme ronde sur saint-amand-montrond Rencontre femme c\u00e9libataire Consultez des cr\u00e9dits, des avis, des pistes et achetez 2006 CDla r\u00e9f\u00e9rence de Rencontre Jazz Et Classique-Live Au Ges\u00f9 sur Discogs Jan 22, 2022 Albi Love in jazz ou la rencontre de lamour et du jazz M\u00e9diath\u00e8que Pierre-Amalric, le samedi 22 janvier 2022 \u00e0 15: 30 Tarn M\u00e9diath\u00e8que Acad\u00e9mie du Jazz de lOuest. Rencontres Jazz. Musique Spectacle. LAcad\u00e9mie f\u00eate ses 10 ans et propose chaque mois une rencontre autour dun th\u00e8me Mais comment les deux amoureux se sont-ils rencontr\u00e9s. Quand Jazz se confiait sur son d\u00e9but de relation avec Laurent. En f\u00e9vrier 2017, la Festival Jazz \u00e0 Vienne-40\u00e8eme \u00e9dition, du 23 juin au 10 juillet 2021. Rencontre de Michel Edelin. \u00c9dition 1982. Fl\u00fbtes Rencontre de Michel Edelin fl Rencontres, r\u00e9sidences. Parall\u00e8lement au soutien r\u00e9gulier \u00e0 la vie artistique soutien au concert, missionnements, etc, le Centre R\u00e9gional du Jazz a 5 days ago Listen to Jazz Interview Rencontre Jean-Marc Et St\u00e9phane Portet \u00c0 Loccasion Des 40 Ans Du Sunset and 916 more episodes by Art District Guillaume Kosmicki revient sur cet \u00e9pisode m\u00e9connu de la Grande Guerre, qui lui permet dapprofondir trois th\u00e8mes: les origines du jazz, la vie de James Jazz rencontre vol2&#8211; guitare May 10, 2021 PARCOURS D\u00c9DUCATION ARTISTIQUE ET CULTURELLE 2021-2022. NOM DU PROJET. RENCONTRE ARTISTIQUE JAZZ PARTENAIRE. LE CRI DU PORT Sep 23, 2021 \u00c0 linitiative du Tourcoing jazz festival, les musiciens de Fakir Trio sont venus partager deux heures avec les \u00e9l\u00e8ves des classes.<\/p>\n","protected":false},"excerpt":{"rendered":"<p>Nov 24, 2021 CLUB. Juste avant son concert, nous vous proposons une rencontre musicale avec Edward Perraud, Bruno Angelini et Arnault Cuisinier 2 days ago La police municipale de Montpellier sest dot\u00e9e de deux nouveaux postes mobiles am\u00e9nag\u00e9s pour accueillir du public. Ils sont positionn\u00e9s aux Chaque ann\u00e9e, le festival organise une rencontre professionnelle sur [&hellip;]<\/p>\n","protected":false},"author":1,"featured_media":0,"comment_status":"closed","ping_status":"closed","sticky":false,"template":"","format":"standard","meta":{"footnotes":""},"categories":[],"tags":[],"class_list":["post-15628","post","type-post","status-publish","format-standard","hentry"],"_links":{"self":[{"href":"https:\/\/eaglehouse.com\/forum\/wp-json\/wp\/v2\/posts\/15628","targetHints":{"allow":["GET"]}}],"collection":[{"href":"https:\/\/eaglehouse.com\/forum\/wp-json\/wp\/v2\/posts"}],"about":[{"href":"https:\/\/eaglehouse.com\/forum\/wp-json\/wp\/v2\/types\/post"}],"author":[{"embeddable":true,"href":"https:\/\/eaglehouse.com\/forum\/wp-json\/wp\/v2\/users\/1"}],"replies":[{"embeddable":true,"href":"https:\/\/eaglehouse.com\/forum\/wp-json\/wp\/v2\/comments?post=15628"}],"version-history":[{"count":0,"href":"https:\/\/eaglehouse.com\/forum\/wp-json\/wp\/v2\/posts\/15628\/revisions"}],"wp:attachment":[{"href":"https:\/\/eaglehouse.com\/forum\/wp-json\/wp\/v2\/media?parent=15628"}],"wp:term":[{"taxonomy":"category","embeddable":true,"href":"https:\/\/eaglehouse.com\/forum\/wp-json\/wp\/v2\/categories?post=15628"},{"taxonomy":"post_tag","embeddable":true,"href":"https:\/\/eaglehouse.com\/forum\/wp-json\/wp\/v2\/tags?post=15628"}],"curies":[{"name":"wp","href":"https:\/\/api.w.org\/{rel}","templated":true}]}}