{"id":15808,"date":"2022-11-14T11:19:10","date_gmt":"2022-11-14T11:19:10","guid":{"rendered":"https:\/\/eaglehouse.com\/forum\/?p=15808"},"modified":"2022-11-14T11:19:10","modified_gmt":"2022-11-14T11:19:10","slug":"rencontre-philippe-et-mathilde","status":"publish","type":"post","link":"https:\/\/eaglehouse.com\/forum\/rencontre-philippe-et-mathilde\/","title":{"rendered":"Rencontre philippe et mathilde"},"content":{"rendered":"<p>Une vie de musique, conversation avec Philippe Entremont. Nous avons rencontr\u00e9 lhistorienne de lart, Mathilde Thibault-Starzyk, co-commissaire de En Belgique m\u00eame, il visite des usines ou des soci\u00e9t\u00e9s, rencontre des patrons et sint\u00e9resse aux projets \u00e9conomiques du gouvernement Sep 29, 2015 Mediafin, la soci\u00e9t\u00e9 \u00e9ditrice des quotidiens LEcho et De Tijd a re\u00e7u le couple royal ce mardi. Le roi Philippe et la reine Mathilde ont In 2 days Rencontre avec la r\u00e9alisatrice et militante afrof\u00e9ministe dans le cadre. Par les temps qui courent par Mathilde Wagman et Marie Richeux <img decoding=\"async\" src=\"https:\/\/parismatch.be\/app\/uploads\/2019\/11\/belgaimage-27823424-full.jpg\" alt=\"rencontre philippe et mathilde\" align=\"right\"> Dec 4, 2021 Les 22 ans de mariage du roi Philippe et de la reine Mathilde. Avait rencontr\u00e9 le Secr\u00e9taire g\u00e9n\u00e9ral de lONU au ch\u00e2teau de Laeken A La Franche cord\u00e9e il rencontre sa femme, quil \u00e9pouse \u00e0 21 ans. Il lembauche pour sa tourn\u00e9e d\u00e9t\u00e9 avec Philippe Clay et Catherine Sauvage Ministres, syndicats et patronat ont rendez-vous ce lundi apr\u00e8s-midi pour une nouvelle rencontre. Alors que le virus fait \u00e0 nouveau trembler l\u00e9conomie, le A propos de cette providentielle rencontre entre Papus et M. Philippe, il convient de pr\u00e9ciser. Mathilde Inard dArgence, veuve Theuriel 1891 devait Sep 15, 2021 Le roi Philippe et la reine Mathilde visitent les zones affect\u00e9es par les inondations en juillet. Ils se sont dabord enquis de la situation Philippe et Mathilde suivent la ligne trac\u00e9e par Albert et Paola, celle. Bain de foule dans le Parc Royal \u00e0 la Notre Roi Philippe et notre Reine Mathilde ont rencontr\u00e9 nos diplomates stagiaires qui partiront \u00e0 l\u00e9tranger en mai. Ils ont presque termin\u00e9 leur connu la brillante devise qui \u00e9clate sur le bouclier des chevaliers de la vierge: Richard et Lusignan se pr\u00e9cipitent \u00e0 leur rencontre: Philippe <img decoding=\"async\" src=\"https:\/\/c8.alamy.com\/zoomsfr\/6\/2493510179f74789ac20c02c3946ae5b\/2f4jywe.jpg\" alt=\"rencontre philippe et mathilde\" align=\"center\"> La reine Mathilde de Belgique, le roi Philippe-D\u00eener en lhonneur de. Ils ont ensuite rencontr\u00e9 des entrepreneurs de Flandre 6 days ago Mathilde, 17 ans, effectue son apprentissage dans la boutique du Cercle mixte. Les \u00e9tudiants rencontr\u00e9s ne cachent pas leur satisfaction Toute linformation locale de la commune de Morlaix dans le Finist\u00e8re en Bretagne trait\u00e9e au quotidien par les journalistes et correspondants du T\u00e9l\u00e9gramme Le Roi Philippe et la Reine Mathilde ont visit\u00e9 labri de nuit Pierre dAngles. Une soir\u00e9e \u00e0 la rencontre des Mar 10, 2015 Lundi 9 mars, le pape Fran\u00e7ois a accord\u00e9 une audience officielle au roi et \u00e0 la reine de Belgique, Philippe et Mathilde. Une premi\u00e8re \u00e9clate sur le bouclier des chevaliers de la vierge: Richard et Lusignan se pr\u00e9cipitent \u00e0 leur rencontre, Philippe-Auguste les suit; B\u00e9reng\u00e8re g\u00e9mit 10025 reportage, \u00e0 la rencontre des Francs-Comtois engag\u00e9s sur le terrain en r\u00e9\u00e9coute sur France Bleu. Mathilde de la Boutique Belfort Tourisme <img decoding=\"async\" src=\"https:\/\/static.lexpress.fr\/medias_10335\/w_1359,h_591,c_crop,x_283,y_184\/w_1000,h_563,c_fill,g_north\/v1425998409\/le-pape-francois-avec-le-couple-royal-belge-le-roi-philippe-et-son-epouse-mathilde-le-9-mars-2015-lors-d-une-audience-au-vatican_5291729.jpg\" alt=\"rencontre philippe et mathilde\" align=\"left\"> 4 days ago Lhomme daffaires Philippe de Moerloose, nomm\u00e9 au prix de manager de lann\u00e9e en Belgique, Par Fabien Escalona et Mathilde Goanec Jul 21, 2021 Lors de la c\u00e9r\u00e9monie du 21 juillet, le roi Philippe et la reine Mathilde ont \u00e9t\u00e9 tr\u00e8s \u00e9mus devant les images retransmettant la d\u00e9tresse des Feb 6, 2014 Le roi Philippe et la reine Mathilde de Belgique \u00e9taient aujourdhui. Cette apr\u00e8s-midi une rencontre avec Claude Bartolone, le pr\u00e9sident.<\/p>\n","protected":false},"excerpt":{"rendered":"<p>Une vie de musique, conversation avec Philippe Entremont. Nous avons rencontr\u00e9 lhistorienne de lart, Mathilde Thibault-Starzyk, co-commissaire de En Belgique m\u00eame, il visite des usines ou des soci\u00e9t\u00e9s, rencontre des patrons et sint\u00e9resse aux projets \u00e9conomiques du gouvernement Sep 29, 2015 Mediafin, la soci\u00e9t\u00e9 \u00e9ditrice des quotidiens LEcho et De Tijd a re\u00e7u le couple [&hellip;]<\/p>\n","protected":false},"author":1,"featured_media":0,"comment_status":"closed","ping_status":"closed","sticky":false,"template":"","format":"standard","meta":{"footnotes":""},"categories":[],"tags":[],"class_list":["post-15808","post","type-post","status-publish","format-standard","hentry"],"_links":{"self":[{"href":"https:\/\/eaglehouse.com\/forum\/wp-json\/wp\/v2\/posts\/15808","targetHints":{"allow":["GET"]}}],"collection":[{"href":"https:\/\/eaglehouse.com\/forum\/wp-json\/wp\/v2\/posts"}],"about":[{"href":"https:\/\/eaglehouse.com\/forum\/wp-json\/wp\/v2\/types\/post"}],"author":[{"embeddable":true,"href":"https:\/\/eaglehouse.com\/forum\/wp-json\/wp\/v2\/users\/1"}],"replies":[{"embeddable":true,"href":"https:\/\/eaglehouse.com\/forum\/wp-json\/wp\/v2\/comments?post=15808"}],"version-history":[{"count":0,"href":"https:\/\/eaglehouse.com\/forum\/wp-json\/wp\/v2\/posts\/15808\/revisions"}],"wp:attachment":[{"href":"https:\/\/eaglehouse.com\/forum\/wp-json\/wp\/v2\/media?parent=15808"}],"wp:term":[{"taxonomy":"category","embeddable":true,"href":"https:\/\/eaglehouse.com\/forum\/wp-json\/wp\/v2\/categories?post=15808"},{"taxonomy":"post_tag","embeddable":true,"href":"https:\/\/eaglehouse.com\/forum\/wp-json\/wp\/v2\/tags?post=15808"}],"curies":[{"name":"wp","href":"https:\/\/api.w.org\/{rel}","templated":true}]}}