{"id":15932,"date":"2022-11-14T11:27:38","date_gmt":"2022-11-14T11:27:38","guid":{"rendered":"https:\/\/eaglehouse.com\/forum\/?p=15932"},"modified":"2022-11-14T11:27:38","modified_gmt":"2022-11-14T11:27:38","slug":"rencontre-du-pape-francois-avec-benoit-xvi","status":"publish","type":"post","link":"https:\/\/eaglehouse.com\/forum\/rencontre-du-pape-francois-avec-benoit-xvi\/","title":{"rendered":"Rencontre du pape fran\u00e7ois avec benoit xvi"},"content":{"rendered":"<p>Mar 23, 2013 Le pape Fran\u00e7ois et son pr\u00e9d\u00e9cesseur Beno\u00eet XVI se sont retrouv\u00e9s samedi dans la r\u00e9sidence pontificale d\u00e9t\u00e9 de Castel Gandolfo 11 hours ago. Les deux fondateurs, ni sous le pontificat de Jean-Paul II, ni sous celui de Benoit XVI, et le sera encore moins Fran\u00e7ois r\u00e9gnant Mar 29, 2012 Et Zach\u00e9e, comme saint Luc le pr\u00e9cise, le re\u00e7ut avec joie Lc 19, 5-6. Cest la joie davoir rencontr\u00e9 le Seigneur, de sentir lamour de Qui est cach\u00e9 et myst\u00e9rieux, en raison de sa nature inconnue ou non d\u00e9voil\u00e9e. De Beno\u00eet XVI Message du pape pour la c\u00e9l\u00e9bration de la journ\u00e9e mondiale Mar 23, 2013 Car aucun des deux na cherch\u00e9 cette succession: le cardinal Bergoglio \u00e9tait le challenger du cardinal Ratzinger en 2005; sans \u00eatre le favori 65\u00e8me anniversaire de lordination sacerdotale du pape \u00e9m\u00e9rite Beno\u00eet XVI Un long t\u00eate-\u00e0-t\u00eate entre Emmanuel Macron et le pape Fran\u00e7ois Trump rencontre le KTO TV: retrouvez toutes nos vid\u00e9os. La vie de l\u00c9glise en direct, la vie de pri\u00e8re au jour le jour et les voyages du pape Fran\u00e7ois Feb 28, 2021 Le pape Fran\u00e7ois songerait \u00e0 faire une nomination surprise pour. \u00c9voqu\u00e9 comme un candidat s\u00e9rieux \u00e0 la succession de Beno\u00eet XVI en 2013 Nov 26, 2021 Emmanuel Macron rencontre ce vendredi et pour la deuxi\u00e8me fois le pape Fran\u00e7ois, qui na jamais visit\u00e9 la France Le pape Fran\u00e7ois et son pr\u00e9d\u00e9cesseur Beno\u00eet XVI se sont entretenus samedi dans la r\u00e9sidence pontificale d\u00e9t\u00e9 Pape Fran\u00e7ois, Pape Beno\u00eet XVI. Il sagit de dix jeunes filles qui attendent larriv\u00e9e de l\u00c9poux, mais celui-ci tarde et elles sendorment <img decoding=\"async\" src=\"https:\/\/www.cath.ch\/wp-content\/uploads\/sites\/3\/2020\/12\/AAAABZXhkbWM-lHOUwF9S_Oe7HkGHo4fa99cjteHddXmLt6QZDxG4aYvFoIbEX89zlkBqID7HmrL-sypCCc86kqj6zKMNo1i-e1570807491406.jpg\" alt=\"rencontre du pape fran\u00e7ois avec benoit xvi\" align=\"right\"> Jan 23, 2014 VATICAN-Le pr\u00e9sident fran\u00e7ais Fran\u00e7ois Hollande effectuera sa. Nicolas Sarkozy rencontre Beno\u00eet XVI \u00e0 la fin de sa premi\u00e8re ann\u00e9e de <img decoding=\"async\" src=\"https:\/\/wp.fr.aleteia.org\/wp-content\/uploads\/sites\/6\/2020\/09\/POPE-FRANCIS-BENEDICT-000_DV1599284.jpg\" alt=\"rencontre du pape fran\u00e7ois avec benoit xvi\" align=\"center\"> Toute lactualit\u00e9 sur http: www Bfmtv. Com Le pape Fran\u00e7ois et son pr\u00e9d\u00e9cesseur Beno\u00eet XVI ont eu une la mission est de permettre \u00e0 des publics larges et divers de faire lexp\u00e9rience de la rencontre entre culture contemporaine et foi catholique Cfrt. Tv Mar 23, 2013 La rencontre priv\u00e9e a dur\u00e9 environ 40 \u00e0 45 minutes, a d\u00e9clar\u00e9 un porte-parole du Vatican. Le pape Fran\u00e7ois et son pr\u00e9d\u00e9cesseur Beno\u00eet XVI Vatican. Comme chaque ann\u00e9e, le pape prend ses vacances dans sa r\u00e9sidence d\u00e9t\u00e9 situ\u00e9e \u00e0 Castel Gondolfo. Le 1 day ago En 2021, il a d\u00e9pass\u00e9 l\u00e2ge quavait son pr\u00e9d\u00e9cesseur Jean Paul II \u00e0 sa mort et atteint celui de Beno\u00eet XVI lors de sa renonciation. \u00c0 noter que Jan 13, 2020 Il est urgent, n\u00e9cessaire, que tous, \u00e9v\u00eaques, pr\u00eatres et la\u00efcs, retrouvent un regard de foi sur l\u00c9glise et sur le c\u00e9libat sacerdotal qui Mar 23, 2013 Le pape Fran\u00e7ois est arriv\u00e9 en h\u00e9licopt\u00e8re, samedi, au palais pontifical de Castel Gandolfo afin de rencontrer son fr\u00e8re et pr\u00e9d\u00e9cesseur Jan 29, 2014 Le pape Fran\u00e7ois et son pr\u00e9d\u00e9cesseur Beno\u00eet XVI se sont retrouv\u00e9s samedi dans la r\u00e9sidence pontificale d\u00e9t\u00e9 de Castel Gandolfo Mar 19, 2021 Cette r\u00e9volution par rapport aux ann\u00e9es Beno\u00eet XVI se traduit par une. Sans Laudato si et ma rencontre avec le pape Fran\u00e7ois Mar 23, 2013 Rencontre historique de deux papes \u00e0 Castel Gandolfo, la presse italienne parle dune sorte de passation de pouvoirs. Le pape Fran\u00e7ois et <img decoding=\"async\" src=\"https:\/\/cdn.unitycms.io\/image\/ocroped\/1200,1200,1000,1000,0,0\/q2gNQnv_P9U\/8VCntM6M4wm9W0LwqrTBbx.jpg\" alt=\"rencontre du pape fran\u00e7ois avec benoit xvi\" align=\"center\"> Mar 23, 2013 Que le Seigneur les prot\u00e8ge tous deux. Notre Eglise sort grandie de la Renonciation de Benoit XVI et ce nest pas un hasard si Fran\u00e7ois succ\u00e8de Dec 2, 2020 Selon un cardinal qui la rencontr\u00e9 samedi, lex-souverain pontife, \u00e2g\u00e9 de 93 ans, aurait la sant\u00e9 fragile mais resterait lucide et.<\/p>\n","protected":false},"excerpt":{"rendered":"<p>Mar 23, 2013 Le pape Fran\u00e7ois et son pr\u00e9d\u00e9cesseur Beno\u00eet XVI se sont retrouv\u00e9s samedi dans la r\u00e9sidence pontificale d\u00e9t\u00e9 de Castel Gandolfo 11 hours ago. Les deux fondateurs, ni sous le pontificat de Jean-Paul II, ni sous celui de Benoit XVI, et le sera encore moins Fran\u00e7ois r\u00e9gnant Mar 29, 2012 Et Zach\u00e9e, comme [&hellip;]<\/p>\n","protected":false},"author":1,"featured_media":0,"comment_status":"closed","ping_status":"closed","sticky":false,"template":"","format":"standard","meta":{"footnotes":""},"categories":[],"tags":[],"class_list":["post-15932","post","type-post","status-publish","format-standard","hentry"],"_links":{"self":[{"href":"https:\/\/eaglehouse.com\/forum\/wp-json\/wp\/v2\/posts\/15932","targetHints":{"allow":["GET"]}}],"collection":[{"href":"https:\/\/eaglehouse.com\/forum\/wp-json\/wp\/v2\/posts"}],"about":[{"href":"https:\/\/eaglehouse.com\/forum\/wp-json\/wp\/v2\/types\/post"}],"author":[{"embeddable":true,"href":"https:\/\/eaglehouse.com\/forum\/wp-json\/wp\/v2\/users\/1"}],"replies":[{"embeddable":true,"href":"https:\/\/eaglehouse.com\/forum\/wp-json\/wp\/v2\/comments?post=15932"}],"version-history":[{"count":0,"href":"https:\/\/eaglehouse.com\/forum\/wp-json\/wp\/v2\/posts\/15932\/revisions"}],"wp:attachment":[{"href":"https:\/\/eaglehouse.com\/forum\/wp-json\/wp\/v2\/media?parent=15932"}],"wp:term":[{"taxonomy":"category","embeddable":true,"href":"https:\/\/eaglehouse.com\/forum\/wp-json\/wp\/v2\/categories?post=15932"},{"taxonomy":"post_tag","embeddable":true,"href":"https:\/\/eaglehouse.com\/forum\/wp-json\/wp\/v2\/tags?post=15932"}],"curies":[{"name":"wp","href":"https:\/\/api.w.org\/{rel}","templated":true}]}}