{"id":16040,"date":"2022-11-14T11:37:36","date_gmt":"2022-11-14T11:37:36","guid":{"rendered":"https:\/\/eaglehouse.com\/forum\/?p=16040"},"modified":"2022-11-14T11:37:36","modified_gmt":"2022-11-14T11:37:36","slug":"rencontres-artistiques-europeennes","status":"publish","type":"post","link":"https:\/\/eaglehouse.com\/forum\/rencontres-artistiques-europeennes\/","title":{"rendered":"Rencontres artistiques europ\u00e9ennes"},"content":{"rendered":"<p>02 Juin 16 Juin. Conf\u00e9rence Rencontres Visite. Les Rencontres de LArtistique. Les Journ\u00e9es Europ\u00e9ennes du Patrimoine au Mus\u00e9e de Gap L\u00e9cole europ\u00e9enne sup\u00e9rieure dart de Bretagne est un \u00e9tablissement public qui regroupe les 4 \u00e9coles sup\u00e9rieures dart des villes de Brest, Lorient Jul 31, 2017. Le Centre dart contemporain CAC dEssaouira r\u00e9unira du 10 ao\u00fbt au 10 septembre plus de 40 artistes dAfrique et dEurope Lart, dans sa rencontre avec lint\u00e9riorit\u00e9 greenienne, devient, au sens plein, un art vivant: l\u0153uvre sy r\u00e9v\u00e8le capable 17J. Green, LExpatri\u00e9, \u00e9d Cit. Rencontre avec Fr\u00e9d\u00e9ric Delorme, Pr\u00e9sident de Rail Logistics Europe chez SNCF. Chef du d\u00e9partement des ouvrages dart, directeur de la r\u00e9gion Bretagne Jul 20, 2021 Lobjectif est dessaimer une exp\u00e9rience de coop\u00e9ration europ\u00e9enne sur le territoire normand, en appui au projet Getting Unstuck 2 days ago Cet \u00e9v\u00e9nement, au-del\u00e0 de son int\u00e9r\u00eat principal pour lart et la. Le domaine culturel sera jalonn\u00e9 de rencontres-des rencontres tr\u00e8s Rencontres. Le nouveau d\u00e9fi de l\u00e9ducation artistique et culturelle: diversit\u00e9 et dialogue en Europe. Jeu 9 et Ven 10 juin 2016. LIKE culture, le r\u00e9seau Apr 9, 2021 A loccasion des Journ\u00e9es Europ\u00e9ennes des M\u00e9tiers dArt, et dans le cadre de lexposition Motifs \u00e0 Effets, La Galerie des Cr\u00e9ateurs de Touques <img decoding=\"async\" src=\"https:\/\/cdn-s-www.ledauphine.com\/images\/ad865e0e-dbc7-449d-a334-5e7fa4be3176\/BES_06\/illustration-journees-europeennes-des-metiers-d-art_1-1648278342.jpg\" alt=\"rencontres artistiques europ\u00e9ennes\" align=\"center\"> <img decoding=\"async\" src=\"https:\/\/dmdlnu87i51n1.cloudfront.net\/v1\/fr\/cksojiovc00003b5yat2b3nvz\/0x0:805x1628\/undefinedxundefined\/sud_est_vasarely.jpg\" alt=\"rencontres artistiques europ\u00e9ennes\" align=\"right\"> Pour la deuxi\u00e8me ann\u00e9e cons\u00e9cutive, lH\u00f4pital Saint Joseph a particip\u00e9 aux Journ\u00e9es Europ\u00e9ennes du Patrimoine sur le th\u00e8me LArt du Partage-Rencontre de <img decoding=\"async\" src=\"https:\/\/www.journeesdesmetiersdart.fr\/sites\/default\/files\/styles\/1140x570\/public\/appel_a_projet\/metamorfose.jpg\" alt=\"rencontres artistiques europ\u00e9ennes\" align=\"center\"> Apr 30, 2021 LAcad\u00e9mie des M\u00e9tiers dArt regroupe de nombreuses formations li\u00e9es \u00e0 la bijouterie, la joaillerie ou encore lhorlogerie Nov 16, 2021 Le Centre Europe Direct Nice C\u00f4te dAzur informe les citoyens sur lUnion europ\u00e9enne, son fonctionnement, ses actions ainsi que ses financements Luniversit\u00e9 \u00e0 la rencontre des parents des lyc\u00e9ens. Logo Fondation I-Site Universit\u00e9 Lille Nord-Europe nouvelle fen\u00eatre. Gestion des cookies Nov 8, 2019. Mur de Berlin-Quand lart rencontre la m\u00e9moire est un documentaire r\u00e9alis\u00e9 par Andr\u00e9 Bossuroy, avec le soutien de lUnion europ\u00e9enne Apr 10, 2016 Les visiteurs ont \u00e9t\u00e9 tr\u00e8s sensibles \u00e0 la qualit\u00e9 des ateliers de sensibilisation aux diff\u00e9rents m\u00e9tiers, offerts par les artisans dart de la.<\/p>\n","protected":false},"excerpt":{"rendered":"<p>02 Juin 16 Juin. Conf\u00e9rence Rencontres Visite. Les Rencontres de LArtistique. Les Journ\u00e9es Europ\u00e9ennes du Patrimoine au Mus\u00e9e de Gap L\u00e9cole europ\u00e9enne sup\u00e9rieure dart de Bretagne est un \u00e9tablissement public qui regroupe les 4 \u00e9coles sup\u00e9rieures dart des villes de Brest, Lorient Jul 31, 2017. Le Centre dart contemporain CAC dEssaouira r\u00e9unira du 10 ao\u00fbt [&hellip;]<\/p>\n","protected":false},"author":1,"featured_media":0,"comment_status":"closed","ping_status":"closed","sticky":false,"template":"","format":"standard","meta":{"footnotes":""},"categories":[],"tags":[],"class_list":["post-16040","post","type-post","status-publish","format-standard","hentry"],"_links":{"self":[{"href":"https:\/\/eaglehouse.com\/forum\/wp-json\/wp\/v2\/posts\/16040","targetHints":{"allow":["GET"]}}],"collection":[{"href":"https:\/\/eaglehouse.com\/forum\/wp-json\/wp\/v2\/posts"}],"about":[{"href":"https:\/\/eaglehouse.com\/forum\/wp-json\/wp\/v2\/types\/post"}],"author":[{"embeddable":true,"href":"https:\/\/eaglehouse.com\/forum\/wp-json\/wp\/v2\/users\/1"}],"replies":[{"embeddable":true,"href":"https:\/\/eaglehouse.com\/forum\/wp-json\/wp\/v2\/comments?post=16040"}],"version-history":[{"count":0,"href":"https:\/\/eaglehouse.com\/forum\/wp-json\/wp\/v2\/posts\/16040\/revisions"}],"wp:attachment":[{"href":"https:\/\/eaglehouse.com\/forum\/wp-json\/wp\/v2\/media?parent=16040"}],"wp:term":[{"taxonomy":"category","embeddable":true,"href":"https:\/\/eaglehouse.com\/forum\/wp-json\/wp\/v2\/categories?post=16040"},{"taxonomy":"post_tag","embeddable":true,"href":"https:\/\/eaglehouse.com\/forum\/wp-json\/wp\/v2\/tags?post=16040"}],"curies":[{"name":"wp","href":"https:\/\/api.w.org\/{rel}","templated":true}]}}