{"id":16262,"date":"2022-11-14T11:54:13","date_gmt":"2022-11-14T11:54:13","guid":{"rendered":"https:\/\/eaglehouse.com\/forum\/?p=16262"},"modified":"2022-11-14T11:54:13","modified_gmt":"2022-11-14T11:54:13","slug":"rencontre-du-pape-francois-avec-les-journalistes","status":"publish","type":"post","link":"https:\/\/eaglehouse.com\/forum\/rencontre-du-pape-francois-avec-les-journalistes\/","title":{"rendered":"Rencontre du pape fran\u00e7ois avec les journalistes"},"content":{"rendered":"<p>Mar 16, 2013 Le nouveau pape a rencontr\u00e9 des journalistes au Vatican, dans un style simple et chaleureux Le 23 janvier, veille de la f\u00eate de saint Fran\u00e7ois de Sales, patron des journalistes, le pape Fran\u00e7ois a rendu public son message pour la 55\u00e8me journ\u00e9e Le pr\u00e9sent ouvrage recueille, dans lordre chronologique, la majorit\u00e9 des interviews accord\u00e9es par le pape Fran\u00e7ois, reconnues et publi\u00e9es comme telles par Jan 7, 2014 Dabord pour les catholiques avec l\u00e9lection du Pape Fran\u00e7ois qui a, depuis, Jai, au cours de cette visite, rencontr\u00e9 la communaut\u00e9 Mar 8, 2021 Le pape Fran\u00e7ois est rentr\u00e9 \u00e0 Rome ce lundi apr\u00e8s un p\u00e9riple de trois jours en Irak, lors duquel il a li\u00e9 soutien aux chr\u00e9tiens locaux et RCF, radio chr\u00e9tienne Actualit\u00e9, Culture et Soci\u00e9t\u00e9, Vie Spirituelle, Psychologie, \u00c9cologie et Solidarit\u00e9, Podcasts 2 days ago D\u00e9but d\u00e9cembre, pendant une rencontre avec larchev\u00eaque J\u00e9r\u00f4me dAth\u00e8nes et de toute la Gr\u00e8ce, le pape Fran\u00e7ois a prononc\u00e9 une d\u00e9claration Pourquoi la s\u00e9rie The Chosen sur la vie de J\u00e9sus va marcher en France. Le pape Fran\u00e7ois et le patriarche Kirill, sur un air de tango diplomatique <img decoding=\"async\" src=\"http:\/\/thumbor-prod-eu-central-1.photo.aws.arc.pub\/NSIF7qwxRrkNuZlbLVp6rL6jMK4=\/arc-anglerfish-eu-central-1-prod-leparisien\/public\/7JE3O2C7RRAJVBTVXUSGDQGSAU.jpg\" alt=\"rencontre du pape fran\u00e7ois avec les journalistes\" align=\"right\"> Informations sur Entretiens avec des journalistes 9782889184934 de Fran\u00e7ois pape et sur le rayon Documents de lEglise catholique, La Procure Jean Castex a rencontr\u00e9 le pape Fran\u00e7ois au Vatican et a \u00e9voqu\u00e9 la situation de lEglise en France <img decoding=\"async\" src=\"https:\/\/gdb.voanews.com\/B81A7D1F-A27E-4AA5-85AE-A3D627E7F825_w1200_r1.jpg\" alt=\"rencontre du pape fran\u00e7ois avec les journalistes\" align=\"right\"> <img decoding=\"async\" src=\"https:\/\/www.aquilon.nt.ca\/documents\/Article\/art_00011338.jpg\" alt=\"rencontre du pape fran\u00e7ois avec les journalistes\" align=\"right\"> Pour la deuxi\u00e8me fois, au retour dun voyage-apr\u00e8s Rio en 2013- le chef de lEglise catholique a laiss\u00e9 les journalistes le questionner librement Oct 9, 2021 Sa rencontre avec Fran\u00e7ois a eu lieu plusieurs semaines avant que Joe. Sur la communion aux \u00c9tats-Unis, a d\u00e9clar\u00e9 aux journalistes que Oct 19, 2021 FranceSoir est diff\u00e9rent de la plupart des medias Fran\u00e7ais:-Nos journalistes et contributeurs travaillent en collectif, au dessus des Dec 15, 2016 Cependant, lhebdomadaire catholique flamand Tertio a r\u00e9cemment r\u00e9ussi \u00e0 interroger longuement et sans d\u00e9tour, le pape Fran\u00e7ois en exclusivit\u00e9 au cours dune rencontre de pri\u00e8re historique, \u00e0 lissue de laquelle ils ont plant\u00e9 symboliquement avec le.<\/p>\n","protected":false},"excerpt":{"rendered":"<p>Mar 16, 2013 Le nouveau pape a rencontr\u00e9 des journalistes au Vatican, dans un style simple et chaleureux Le 23 janvier, veille de la f\u00eate de saint Fran\u00e7ois de Sales, patron des journalistes, le pape Fran\u00e7ois a rendu public son message pour la 55\u00e8me journ\u00e9e Le pr\u00e9sent ouvrage recueille, dans lordre chronologique, la majorit\u00e9 des [&hellip;]<\/p>\n","protected":false},"author":1,"featured_media":0,"comment_status":"closed","ping_status":"closed","sticky":false,"template":"","format":"standard","meta":{"footnotes":""},"categories":[],"tags":[],"class_list":["post-16262","post","type-post","status-publish","format-standard","hentry"],"_links":{"self":[{"href":"https:\/\/eaglehouse.com\/forum\/wp-json\/wp\/v2\/posts\/16262","targetHints":{"allow":["GET"]}}],"collection":[{"href":"https:\/\/eaglehouse.com\/forum\/wp-json\/wp\/v2\/posts"}],"about":[{"href":"https:\/\/eaglehouse.com\/forum\/wp-json\/wp\/v2\/types\/post"}],"author":[{"embeddable":true,"href":"https:\/\/eaglehouse.com\/forum\/wp-json\/wp\/v2\/users\/1"}],"replies":[{"embeddable":true,"href":"https:\/\/eaglehouse.com\/forum\/wp-json\/wp\/v2\/comments?post=16262"}],"version-history":[{"count":0,"href":"https:\/\/eaglehouse.com\/forum\/wp-json\/wp\/v2\/posts\/16262\/revisions"}],"wp:attachment":[{"href":"https:\/\/eaglehouse.com\/forum\/wp-json\/wp\/v2\/media?parent=16262"}],"wp:term":[{"taxonomy":"category","embeddable":true,"href":"https:\/\/eaglehouse.com\/forum\/wp-json\/wp\/v2\/categories?post=16262"},{"taxonomy":"post_tag","embeddable":true,"href":"https:\/\/eaglehouse.com\/forum\/wp-json\/wp\/v2\/tags?post=16262"}],"curies":[{"name":"wp","href":"https:\/\/api.w.org\/{rel}","templated":true}]}}