{"id":16274,"date":"2022-11-14T11:55:12","date_gmt":"2022-11-14T11:55:12","guid":{"rendered":"https:\/\/eaglehouse.com\/forum\/?p=16274"},"modified":"2022-11-14T11:55:12","modified_gmt":"2022-11-14T11:55:12","slug":"rencontre-mondiale","status":"publish","type":"post","link":"https:\/\/eaglehouse.com\/forum\/rencontre-mondiale\/","title":{"rendered":"Rencontre mondiale"},"content":{"rendered":"<p><img decoding=\"async\" src=\"https:\/\/rencontremondiale-worldmeeting.org\/wp-content\/uploads\/2019\/05\/Logo-header-white.png\" alt=\"rencontre mondiale\" align=\"left\"> La Rencontre mondiale des familles est un rassemblement de l\u00c9glise catholique qui a lieu tous les trois ans depuis 1994, Elle est organis\u00e9e par le Apr 27, 2021 Le Dioc\u00e8se de Rome et le Dicast\u00e8re pour les La\u00efcs, la Famille et la Vie ont pr\u00e9sent\u00e9 r\u00e9cemment la pri\u00e8re officielle pour la 10\u00e8me Rencontre Un site de rencontre international a lavantage de satisfaire tout le monde. Rejoignez be2, le meilleur site de rencontre pr\u00e9sent sur tous les continents Jul 17, 2018 Autour du Pape Fran\u00e7ois, CANA rassemble ses responsables du monde entier \u00e0 Dublin \u00e0 loccasion de la Rencontre Mondiale des Familles du 19 Sep 28, 2021 Tous les ans, lOrganisation maritime internationale c\u00e9l\u00e8bre la Journ\u00e9e mondiale de la mer le 30 septembre. Rencontre avec Christian Buchet Mar 8, 2018 C\u00e9l\u00e9brons la journ\u00e9e mondiale des droits des femmes. Cette ann\u00e9e, les Nations Unies mettent \u00e0 lhonneur les activistes rurales et urbaines Jul 18, 2021 Lamour familial: vocation et chemin de saintet\u00e9. Le Pape Fran\u00e7ois a annonc\u00e9 lui-m\u00eame le th\u00e8me de la Xe Rencontre Mondiale des Familles 2 Euros 7\u00e8me rencontre mondiale des familles Cupro-nickel Brillant Universel Ann\u00e9e d\u00e9mission: 2012 stefm. Fr 7 hours ago Paris FC-OL: la toile senflamme apr\u00e8s larr\u00eat d\u00e9finitif de la rencontre. Zapping Onze Mondial CAN 2021: les forces du Maroc Dec 11, 2014 La Rencontre mondiale des familles aura lieu en septembre 2015 \u00e0 Philadelphie Etats-Unis. Le pape a fait parvenir hier le th\u00e8me choisi Dec 8, 2021 Equipes qualifi\u00e9es pour le Mondial 2022; Barrages Europe de la Coupe du. Est d\u00e9j\u00e0 qualifi\u00e9 mais participe aux rencontres qui comptent Jul 31, 2017 A loccasion de la vingt-deuxi\u00e8me rencontre mondiale des amis de la 2CV, le mod\u00e8le automobile embl\u00e9matique de Citro\u00ebn, la Deuche sest Mar 29, 2019 Soucieux de son engagement aupr\u00e8s des jeunes, AG2R LA MONDIALE a accueilli des \u00e9tudiants dans le cadre d Osons lapprentissage et <img decoding=\"async\" src=\"https:\/\/www.cath.ch\/wp-content\/uploads\/sites\/3\/2017\/05\/Sans-titre-2-2.jpg\" alt=\"rencontre mondiale\" align=\"right\"> Les amis suisses de la 2CV et la r\u00e9gion de Del\u00e9mont se r\u00e9jouissent de vous accueillir lors la 24\u00e8me Rencontre Mondiale des Amis de la 2CV, du 25 juillet au 9 hours ago Mondial 2021: Alicia Toublanc a \u00e9t\u00e9 super, appr\u00e9cie Krumbholz. Alicia Toublanc a fait la diff\u00e9rence en fin de rencontre Plus de 10 000 personnes-familles, sp\u00e9cialistes, associations et \u00e9v\u00eaques-venus des 5 continents, sont attendues \u00e0 la 6\u00e8me Rencontre Mondiale des Chers camarades: Ayant termin\u00e9 la premi\u00e8re partie de la IVe Rencontre mondiale des mouvements populaires, nous avons r\u00e9dig\u00e9 un communiqu\u00e9 de presse Record. La troisi\u00e8me rencontre mondiale de lAUPELF et les probl\u00e8mes de traduction. An article from journal Meta La traduction dans le monde, on \u00c9rudit Jul 24, 2020 La Journ\u00e9e mondiale de la Jeunesse est \u00e9galement report\u00e9e. Les familles se rencontreront \u00e0 Rome en juin 2022 au lieu de juin 2021. Le Cardinal <img decoding=\"async\" src=\"https:\/\/static.mycity.travel\/manage\/uploads\/8\/49\/132919\/1\/190703-j3l-mondial2cv-couleur-hd-14_2000.jpg\" alt=\"rencontre mondiale\" align=\"center\"> 2 days ago La comp\u00e9tition s\u00e9tend sur dix jours avec pour apog\u00e9e, la rencontre pour la m\u00e9daille dor le 5 janvier 2022. Ev\u00e8nement indissociable des f\u00eates Oct 29, 2020 La 15\u00e8me Rencontre Mondiale du Soufisme, se tiendra du 29 octobre au 05 novembre, en mode virtuel, sous le th\u00e8me Soufisme et gestion des La Rencontre mondiale des familles aura ainsi lieu en juin 2022 \u00e0 Rome et les Journ\u00e9es mondiales de la jeunesse en ao\u00fbt 2023 2 days ago Malgr\u00e9 la pr\u00e9sence de Linn Blohm, \u00e9lue meilleure joueuse de la rencontre, et Nathalie Hagmann, les Su\u00e9doises nont pas su faire la diff\u00e9rence.<\/p>\n","protected":false},"excerpt":{"rendered":"<p>La Rencontre mondiale des familles est un rassemblement de l\u00c9glise catholique qui a lieu tous les trois ans depuis 1994, Elle est organis\u00e9e par le Apr 27, 2021 Le Dioc\u00e8se de Rome et le Dicast\u00e8re pour les La\u00efcs, la Famille et la Vie ont pr\u00e9sent\u00e9 r\u00e9cemment la pri\u00e8re officielle pour la 10\u00e8me Rencontre Un site [&hellip;]<\/p>\n","protected":false},"author":1,"featured_media":0,"comment_status":"closed","ping_status":"closed","sticky":false,"template":"","format":"standard","meta":{"footnotes":""},"categories":[],"tags":[],"class_list":["post-16274","post","type-post","status-publish","format-standard","hentry"],"_links":{"self":[{"href":"https:\/\/eaglehouse.com\/forum\/wp-json\/wp\/v2\/posts\/16274","targetHints":{"allow":["GET"]}}],"collection":[{"href":"https:\/\/eaglehouse.com\/forum\/wp-json\/wp\/v2\/posts"}],"about":[{"href":"https:\/\/eaglehouse.com\/forum\/wp-json\/wp\/v2\/types\/post"}],"author":[{"embeddable":true,"href":"https:\/\/eaglehouse.com\/forum\/wp-json\/wp\/v2\/users\/1"}],"replies":[{"embeddable":true,"href":"https:\/\/eaglehouse.com\/forum\/wp-json\/wp\/v2\/comments?post=16274"}],"version-history":[{"count":0,"href":"https:\/\/eaglehouse.com\/forum\/wp-json\/wp\/v2\/posts\/16274\/revisions"}],"wp:attachment":[{"href":"https:\/\/eaglehouse.com\/forum\/wp-json\/wp\/v2\/media?parent=16274"}],"wp:term":[{"taxonomy":"category","embeddable":true,"href":"https:\/\/eaglehouse.com\/forum\/wp-json\/wp\/v2\/categories?post=16274"},{"taxonomy":"post_tag","embeddable":true,"href":"https:\/\/eaglehouse.com\/forum\/wp-json\/wp\/v2\/tags?post=16274"}],"curies":[{"name":"wp","href":"https:\/\/api.w.org\/{rel}","templated":true}]}}