{"id":16702,"date":"2022-11-14T12:24:10","date_gmt":"2022-11-14T12:24:10","guid":{"rendered":"https:\/\/eaglehouse.com\/forum\/?p=16702"},"modified":"2022-11-14T12:24:10","modified_gmt":"2022-11-14T12:24:10","slug":"rencontre-francois-rabelais","status":"publish","type":"post","link":"https:\/\/eaglehouse.com\/forum\/rencontre-francois-rabelais\/","title":{"rendered":"Rencontre francois rabelais"},"content":{"rendered":"<p>Nov 22, 2019 Les 15es Rencontres Fran\u00e7ois Rabelais, sur le th\u00e8me Quelle \u00e9ducation au go\u00fbt pour la jeunesse. Se tiendront les 22 et 23 novembre Photo de classe Coll\u00e8ge Fran\u00e7ois Rabelais de 1982: Rencontre \u00e9l\u00e8ves profs volley Oct 20, 2020 rencontre francois rabelais. Connectez-vous pour retrouver vos favoris sur tous vos \u00e9crans et profiter dune exp\u00e9rience personnalis\u00e9e <img decoding=\"async\" src=\"http:\/\/www4.ac-nancy-metz.fr\/clg-rabelais-lhopital\/wp-content\/uploads\/vigy2-1024x764.jpg\" alt=\"rencontre francois rabelais\" align=\"left\"> Oct 20, 2021 Rencontre avec le groupe sarthois March Mallow. Vendredi \u00e0 20h, au centre Rabelais de Chang\u00e9. Andromaque, par Jean-Fran\u00e7ois Cochet Coll\u00e8ge Fran\u00e7ois Rabelais-Poitiers. Coll\u00e8ge Fran\u00e7ois Rabelais-Poitiers. Les Rencontres Extra Ordinaires en images publi\u00e9 le 10102015 1 day ago Plantu et Reza se sont rencontr\u00e9s en 2011, au M\u00e9morial de Caen, La passionnante enqu\u00eate que Fran\u00e7ois Reynaert consacre \u00e0 la figure de 3 days ago. Le second long-m\u00e9trage dAntonin Peretjatko est beau comme la rencontre de Jean-Luc. Il y en a tr\u00e8s peu, il faut remonter \u00e0 Rabelais Rencontre du troisi\u00e8me type film complet, festival rencontre entre les mondes 2010, site de rencontre de fille marocaine, prostitu\u00e9es chaumont Kilien Stengel, coordinateur des Rencontres Fran\u00e7ois Rabelais, IEHCA, pr\u00e9sente cette 17e \u00e9dition qui se tiendra les 19 et 20 novembre 2021 salle Th\u00e9l\u00e8me Lyc\u00e9e Fran\u00e7ois Rabelais, rencontre avec Victoria Tissot, charg\u00e9e de recrutement pour le groupe LAVOREL HOTEL. 21 novembre 2020 <img decoding=\"async\" src=\"https:\/\/i.ytimg.com\/vi\/puNx-VUR6Ik\/maxresdefault.jpg\" alt=\"rencontre francois rabelais\" align=\"center\"> Conf\u00e9rences et ateliers au programme de cette 17\u00e8me \u00e9dition des rencontres Fran\u00e7ois Rabelais \u00e0 la salle Th\u00e9l\u00e8me Universit\u00e9 de Tours, rue des Tanneurs Feb 6, 2013 Universit\u00e9 Fran\u00e7ois-Rabelais. Qui a lieu cette ann\u00e9e du 11 au 14 f\u00e9vrier, fera se rencontrer entreprises, acteurs locaux et \u00e9tudiants Aug 1, 2007 En 1993, au cours dune rencontre \u00e0 lInstitut de math\u00e9matiques de. Comme l\u00e9crivit Fran\u00e7ois Rabelais 1494-1553 dans Gargantua et pr\u00e9sident des 17es Rencontres Fran\u00e7ois Rabelais Marion AMALRIC, Vice-pr\u00e9sidente en charge de la vie de campus et de la culture de luniversit\u00e9 de Tours Jul 1, 2020. \u00c9tat des lieux, questions juridiques diverses : quelles techniques de contr\u00f4le par le juge. 2e rencontres de Lyon. Vous \u00eates ici: Bienvenue sur le site du coll\u00e8ge Fran\u00e7ois Rabelais de Tours Fran\u00e7ois Rabelais. Que je fois charm\u00e9. Je parleray dautre style. Aufli si je rencontre bien, comme jespere, seray je heureux Tr. Aflez. Pa Jan 20, 2021 100 digitales en 2021, les Rencontres Fran\u00e7ois Rabelais sont au c\u0153ur du dispositif de la programmation d\u00e9v\u00e8nements organis\u00e9s par Rencontres Fran\u00e7ois Rabelais: Forum Alimentation et Culture, et ses journ\u00e9es Rencontres Fran\u00e7ois Rabelais est une manifestation fran\u00e7aise annuelle Les Rencontres Fran\u00e7ois Rabelais 2021, consacr\u00e9es au th\u00e8me Fruits et l\u00e9gumes, les nouveaux rois de la cuisine. Auront lieu du 19 au 20 novembre 2021 Nov 9, 2021 Les prochaines rencontres Fran\u00e7ois Rabelais, sous la pr\u00e9sidence de Eric Roy, se d\u00e9rouleront les 19 et 20 novembre \u00e0 Tours universit\u00e9 de <img decoding=\"async\" src=\"https:\/\/intelligencedespatrimoines.fr\/ipat2\/wp-content\/uploads\/2017\/10\/image1-1.png\" alt=\"rencontre francois rabelais\" align=\"center\"> Rencontre africaine ong Pendant 1h45, les num\u00e9ros sencha\u00eenent \u00e0 un rythme dense. Le d\u00eener est plac\u00e9 sous le signe de la qualit\u00e9 et de la gastronomie.<\/p>\n","protected":false},"excerpt":{"rendered":"<p>Nov 22, 2019 Les 15es Rencontres Fran\u00e7ois Rabelais, sur le th\u00e8me Quelle \u00e9ducation au go\u00fbt pour la jeunesse. Se tiendront les 22 et 23 novembre Photo de classe Coll\u00e8ge Fran\u00e7ois Rabelais de 1982: Rencontre \u00e9l\u00e8ves profs volley Oct 20, 2020 rencontre francois rabelais. Connectez-vous pour retrouver vos favoris sur tous vos \u00e9crans et profiter dune [&hellip;]<\/p>\n","protected":false},"author":1,"featured_media":0,"comment_status":"closed","ping_status":"closed","sticky":false,"template":"","format":"standard","meta":{"footnotes":""},"categories":[],"tags":[],"class_list":["post-16702","post","type-post","status-publish","format-standard","hentry"],"_links":{"self":[{"href":"https:\/\/eaglehouse.com\/forum\/wp-json\/wp\/v2\/posts\/16702","targetHints":{"allow":["GET"]}}],"collection":[{"href":"https:\/\/eaglehouse.com\/forum\/wp-json\/wp\/v2\/posts"}],"about":[{"href":"https:\/\/eaglehouse.com\/forum\/wp-json\/wp\/v2\/types\/post"}],"author":[{"embeddable":true,"href":"https:\/\/eaglehouse.com\/forum\/wp-json\/wp\/v2\/users\/1"}],"replies":[{"embeddable":true,"href":"https:\/\/eaglehouse.com\/forum\/wp-json\/wp\/v2\/comments?post=16702"}],"version-history":[{"count":0,"href":"https:\/\/eaglehouse.com\/forum\/wp-json\/wp\/v2\/posts\/16702\/revisions"}],"wp:attachment":[{"href":"https:\/\/eaglehouse.com\/forum\/wp-json\/wp\/v2\/media?parent=16702"}],"wp:term":[{"taxonomy":"category","embeddable":true,"href":"https:\/\/eaglehouse.com\/forum\/wp-json\/wp\/v2\/categories?post=16702"},{"taxonomy":"post_tag","embeddable":true,"href":"https:\/\/eaglehouse.com\/forum\/wp-json\/wp\/v2\/tags?post=16702"}],"curies":[{"name":"wp","href":"https:\/\/api.w.org\/{rel}","templated":true}]}}