{"id":16897,"date":"2022-11-14T12:39:31","date_gmt":"2022-11-14T12:39:31","guid":{"rendered":"https:\/\/eaglehouse.com\/forum\/?p=16897"},"modified":"2022-11-14T12:39:31","modified_gmt":"2022-11-14T12:39:31","slug":"rencontre-maylis-de-kerangal","status":"publish","type":"post","link":"https:\/\/eaglehouse.com\/forum\/rencontre-maylis-de-kerangal\/","title":{"rendered":"Rencontre maylis de kerangal"},"content":{"rendered":"<p><img decoding=\"async\" src=\"https:\/\/i.ytimg.com\/vi\/18YAyEEZBA8\/maxresdefault.jpg\" alt=\"rencontre maylis de kerangal\" align=\"center\"> Du 27 f\u00e9vrier au 1er mars 2020, la Biblioth\u00e8que publique dinformation du Centre Pompidou organisait la Mar 10, 2021 Entretien men\u00e9 par Laura B\u00e9rri\u00e9, Alice Armenio-Coic et Hugo S\u00e9milly Rencontre avec Maylis de Kerangal. Dans le cadre du cycle Litt\u00e9rature, Aujourdhui anim\u00e9 par St\u00e9phane Audeguy et B\u00e9atrice Cussol, pensionnaires-\u00e9crivains Nov 26, 2021 Rencontre avec Maylis de Kerangal \u00e0 la m\u00e9diath\u00e8que Gustave Courtois \u00e0 Pusey. Pusey 70. Rencontre avec Yves Ravey au lyc\u00e9e Les Haberges \u00e0 Rencontre avec Mailys de Kerangal. Je ne minscris pas dans la famille des auteurs qui tout petits d\u00e9j\u00e0 savaient quils allaient suivre le chemin d\u00e9crivain Rencontre avec Maylis de Kerangal \u00e0 loccasion de la sortie de son ouvrage Cano\u00ebs aux \u00e9ditions Mar 28, 2015 Mardi 24 mars, jour tant attendu depuis linvitation lanc\u00e9e au salon du livre de Paris en mars 2014. N\u00e9e en 1967, Maylis de Kerangal a \u00e9t\u00e9 Nov 26, 2021 Dans le cadre du festival itin\u00e9rant Les Petites fugues, rencontrez Maylis de Kerangal \u00e0 la M\u00e9diath\u00e8que Gustave Courtois de Pusey le vendredi Mar 3, 2020 Maylis de Kerangal d\u00e9dicacera ses livres \u00e0 lissue de la rencontre. N\u00e9e en 1967, Maylis de Kerangal a dabord \u00e9t\u00e9 \u00e9ditrice aux \u00c9ditions du Mar 9, 2020. \u00c0 une rencontre-lecture avec la romanci\u00e8re Maylis de Kerangal autour de son \u0153uvre. La s\u00e9ance sera anim\u00e9e par Hatem Bourial Sep 11, 2020 ircam_paris Rencontre avec Maylis de Kerangal et Daniele Ghisi anim\u00e9 par Jean-Max Colard dans le cadre dEXTRA. Le festival de la Jan 30, 2019 Maylis de Kerangal photo, invit\u00e9e dhonneur de Jardins dhiver, le festival litt\u00e9raire de Rennes, a choisi \u00e0 son tour deux invit\u00e9es Mar 27, 2015 Le 12 mars dernier, les \u00e9l\u00e8ves de Seconde inscrits en Litt\u00e9rature et soci\u00e9t\u00e9 ont eu la chance de rencontrer lauteur Maylis de Kerangal au Rencontre avec Maylis de K\u00e9rangal \u00e0 La Librairie des Halles \u00e0 loccasion de la parution de son nouveau roman R\u00e9parer les vivants paru aux editions Nov 8, 2021 Le lyc\u00e9e accueille Maylis de Kerangal le vendredi 26 novembre 2021 de 10h \u00e0 12h. La vingti\u00e8me \u00e9dition du festival litt\u00e9raire itin\u00e9rant Les <img decoding=\"async\" src=\"https:\/\/www.atlas-citl.org\/wp-content\/uploads\/2019\/06\/auberge_du-lointain_maylis-de-kerangal_ATLAS.jpg\" alt=\"rencontre maylis de kerangal\" align=\"center\"> Sep 14, 2021 Le port du masque sera bien s\u00fbr obligatoire et il vous sera demand\u00e9 de pr\u00e9senter votre pass sanitaire. Maylis de Kerangal a con\u00e7u Cano\u00ebs, paru Rencontre avec Maylis de Kerangal et Cascadeur Alexandre Longo, quelques jours avant louverture du Go\u00fbt des autres 2015 Lehavre. Fr: Comment est n\u00e9e lid\u00e9e d Dec 19, 2018 Mercredi 19 d\u00e9cembre \u00e0 19h30, nous cl\u00f4turerons les rencontres de 2018 en beaut\u00e9 avec la pr\u00e9sence de Maylis de Kerangal pour son roman Un <img decoding=\"async\" src=\"http:\/\/2.bp.blogspot.com\/-zfEdh5s8QF4\/W9G3QFyaEKI\/AAAAAAAACC8\/MLZ4W16Yga0dxDXo6MdtmdC4uFUH-k12wCK4BGAYYCw\/s1600\/IMG_20181023_181951.jpg\" alt=\"rencontre maylis de kerangal\" align=\"center\"> Festival Le Go\u00fbt des autres: rencontre avec Maylis de Kerangal, Laure Limongi et Joy Sorman autour du th\u00e8me: Le Havre, mat\u00e9riau litt\u00e9raire, le. Cette manifestation litt\u00e9raire, organis\u00e9e par la Biblioth\u00e8que municipale de Chalon-sur-Sa\u00f4ne et la Librairie la Mandragore, propose des rencontres publiques May 26, 2021 Rencontre avec Maylis de Kerangal. Un parcours de lectures en plein air, des rencontres en librairie, des s\u00e9ances de d\u00e9dicaces, des ateliers de May 11, 2017 Ce jeudi 27 avril 2017, nous avons rencontr\u00e9 l\u00e9crivain Maylis de Kerangal. Voici la retranscription de cette rencontre: Rencontre. MAYLIS DE KERANGAL Cano\u00ebs. Verticales. Maylis de Kerangal revient dans lactualit\u00e9 litt\u00e9raire avec un recueil de nouvelles apr\u00e8s le succ\u00e8s et Feb 8, 2021 Rencontre avec Maylis de Kerangal \u00e0 la m\u00e9diath\u00e8que de Viry Chatillon Cat\u00e9gorie. ParPhilippe. Quand: Retour au calendrier 9 mars 2016 20.<\/p>\n","protected":false},"excerpt":{"rendered":"<p>Du 27 f\u00e9vrier au 1er mars 2020, la Biblioth\u00e8que publique dinformation du Centre Pompidou organisait la Mar 10, 2021 Entretien men\u00e9 par Laura B\u00e9rri\u00e9, Alice Armenio-Coic et Hugo S\u00e9milly Rencontre avec Maylis de Kerangal. Dans le cadre du cycle Litt\u00e9rature, Aujourdhui anim\u00e9 par St\u00e9phane Audeguy et B\u00e9atrice Cussol, pensionnaires-\u00e9crivains Nov 26, 2021 Rencontre avec Maylis [&hellip;]<\/p>\n","protected":false},"author":1,"featured_media":0,"comment_status":"closed","ping_status":"closed","sticky":false,"template":"","format":"standard","meta":{"footnotes":""},"categories":[],"tags":[],"class_list":["post-16897","post","type-post","status-publish","format-standard","hentry"],"_links":{"self":[{"href":"https:\/\/eaglehouse.com\/forum\/wp-json\/wp\/v2\/posts\/16897","targetHints":{"allow":["GET"]}}],"collection":[{"href":"https:\/\/eaglehouse.com\/forum\/wp-json\/wp\/v2\/posts"}],"about":[{"href":"https:\/\/eaglehouse.com\/forum\/wp-json\/wp\/v2\/types\/post"}],"author":[{"embeddable":true,"href":"https:\/\/eaglehouse.com\/forum\/wp-json\/wp\/v2\/users\/1"}],"replies":[{"embeddable":true,"href":"https:\/\/eaglehouse.com\/forum\/wp-json\/wp\/v2\/comments?post=16897"}],"version-history":[{"count":0,"href":"https:\/\/eaglehouse.com\/forum\/wp-json\/wp\/v2\/posts\/16897\/revisions"}],"wp:attachment":[{"href":"https:\/\/eaglehouse.com\/forum\/wp-json\/wp\/v2\/media?parent=16897"}],"wp:term":[{"taxonomy":"category","embeddable":true,"href":"https:\/\/eaglehouse.com\/forum\/wp-json\/wp\/v2\/categories?post=16897"},{"taxonomy":"post_tag","embeddable":true,"href":"https:\/\/eaglehouse.com\/forum\/wp-json\/wp\/v2\/tags?post=16897"}],"curies":[{"name":"wp","href":"https:\/\/api.w.org\/{rel}","templated":true}]}}