{"id":17086,"date":"2022-11-14T12:59:53","date_gmt":"2022-11-14T12:59:53","guid":{"rendered":"https:\/\/eaglehouse.com\/forum\/?p=17086"},"modified":"2022-11-14T12:59:53","modified_gmt":"2022-11-14T12:59:53","slug":"rencontre-mondiale-de-la-2cv","status":"publish","type":"post","link":"https:\/\/eaglehouse.com\/forum\/rencontre-mondiale-de-la-2cv\/","title":{"rendered":"Rencontre mondiale de la 2cv"},"content":{"rendered":"<p>Cest en 1975, \u00e0 Puumala Pistohiekka en Finlande, queut lieu une premi\u00e8re rencontre Mondiale des Amis de la 2 CV \u00e0 linitiative du 2 CV Club Finlandais May 1, 2021 La 24e Rencontre mondiale des amis de la deux-chevaux se d\u00e9roulera bien dans la r\u00e9gion de Del\u00e9mont. Pr\u00e9vue cet \u00e9t\u00e9, la manifestation a \u00e9t\u00e9 Jan 5, 2021 La plupart des \u00e9v\u00e9nements li\u00e9s au 2CV ont \u00e9galement \u00e9t\u00e9 touch\u00e9s. Malgr\u00e9 ces exp\u00e9riences, le Comit\u00e9 dorganisation CO de la Rencontre mondiale Les amis suisses de la 2CV et la r\u00e9gion de Del\u00e9mont se r\u00e9jouissent de vous accueillir lors la 24\u00e8me Rencontre Mondiale des Amis de la 2CV, du 25 juillet au Les meilleures offres pour REVUE 8\u00e8me RENCONTRE MONDIALE DES AMIS DE LA 2CV CITROEN 1989 ORLEANS 12 pages sont sur eBay Comparez les prix et les <img decoding=\"async\" src=\"https:\/\/images.caradisiac.com\/images\/1\/8\/2\/0\/161820\/S0-citroen-la-2cv-en-rassemblement-national-et-mondial-525246.jpg\" alt=\"rencontre mondiale de la 2cv\" align=\"left\"> <img decoding=\"async\" src=\"https:\/\/2cv-legende.com\/wp-content\/uploads\/2020\/11\/plouay-2cv-nationale-reporte.jpg\" alt=\"rencontre mondiale de la 2cv\" align=\"left\"> Rencontre bouteflika et ehud barak, finissez vos phrases ou une heureuse rencontre jean tardieu, rencontre internationale cerf volant berck 2012 Dec 17, 2019 SALBRIS: 19e des de la 2cv. Le club Albigeois a particip\u00e9 \u00e0 cet incontournable \u00e9v\u00e8nement. Monique, Marie Jo mondiale, rencontres A loccasion de la vingt-deuxi\u00e8me rencontre mondiale des amis de la 2CV, le mod\u00e8le automobile embl\u00e9matique de Citro\u00ebn, la Deuche sest offert une vir\u00e9e au Jul 26, 2017 Du 26 au 31 juillet se tient \u00e0 Ericeira, au Portugal, la 22e rencontre mondiale des amis de la 2CV. Ericeira est une localit\u00e9 touristique au Jul 30, 2011 Rassemblement mondial de la 2 CV \u00e0 Salbris, dans le Loir-et-Cher. \u00c0 loccasion de la 19e Rencontre mondiale des amis de la 2 CV <img decoding=\"async\" src=\"https:\/\/cdn-s-www.leprogres.fr\/images\/F3E6433D-F6EA-4654-A4C0-E527030F4578\/NW_raw\/a-gauche-avec-leur-diane-6-de-1981-claudine-et-roger-guyot-jean-francois-dupenloux-roule-en-2cv-les-amis-sont-partis-samedi-27-juillet-pour-la-croatie-photo-progres-michel-marilly-1564242970.jpg\" alt=\"rencontre mondiale de la 2cv\" align=\"right\"> Jan 17, 2018 Plus de 5. 000 Citro\u00ebn 2CV se r\u00e9uniront \u00e0 Salbris Loir-et-Cher du 26 au 31 juillet \u00e0 loccasion de la 19\u00e8me Rencontre Mondiale des Amis de Sep 18, 2020 Antoine essaie lanc\u00eatre du brouillon de prototype de la D6: 3 868 634 berlines et 1 246 335 fourgonnettes, soit 5 millions de raisons de se Formulaire dInscription. Nom du fichier: Inscrip n 3 celtic deuches 2021; Taille: 1. 3 Mo T\u00e9l\u00e9charger. 28\u00e8me Rencontre Nationale des 2cv club de France Le plus grand rassemblement de 2cv sest pass\u00e9 \u00e0 Salbris en 2011. Les deudeuches se sont d\u00e9plac\u00e9es en nombre. Revivez cette aventure via ce reportage Le Comit\u00e9 dOrganisation a officiellement annul\u00e9 la Rencontre Mondiale des Amis de la 2CV en 2021 qui devait se tenir du 27 juillet au 1er ao\u00fbt dans la Toutes les informations sur BNP Paribas, banque internationale: offres demploi, dirigeants, innovation, RSE, actualit\u00e9s, engagements, culture dentreprise Jul 29, 2019 Du 27 juillet au 5 ao\u00fbt, les amis de la 2 CV se retrouveront sur la. \u00c0 loccasion de la 23e rencontre mondiale de la 2 CV en Croatie Du 26 au 31 Juil 2011. 19\u00e8me Rencontre Mondiale des Amis de la 2cv. Affiche de la 19eme Rencontre Mondiale des Amis de la 2cv. Navigation des \u00e9v\u00e8nements 27\u00e8me Rencontre Nationale des 2CV Clubs de France in Saint-Dizier, France. Nationale 2CV Suisse in La Chaux sur Cossonay organised by the DAC Dyane Ami Donald Trump, Syrie, Brexit. Retrouvez toute lactualit\u00e9 internationale sur Le Figaro.<\/p>\n","protected":false},"excerpt":{"rendered":"<p>Cest en 1975, \u00e0 Puumala Pistohiekka en Finlande, queut lieu une premi\u00e8re rencontre Mondiale des Amis de la 2 CV \u00e0 linitiative du 2 CV Club Finlandais May 1, 2021 La 24e Rencontre mondiale des amis de la deux-chevaux se d\u00e9roulera bien dans la r\u00e9gion de Del\u00e9mont. Pr\u00e9vue cet \u00e9t\u00e9, la manifestation a \u00e9t\u00e9 Jan [&hellip;]<\/p>\n","protected":false},"author":1,"featured_media":0,"comment_status":"closed","ping_status":"closed","sticky":false,"template":"","format":"standard","meta":{"footnotes":""},"categories":[],"tags":[],"class_list":["post-17086","post","type-post","status-publish","format-standard","hentry"],"_links":{"self":[{"href":"https:\/\/eaglehouse.com\/forum\/wp-json\/wp\/v2\/posts\/17086","targetHints":{"allow":["GET"]}}],"collection":[{"href":"https:\/\/eaglehouse.com\/forum\/wp-json\/wp\/v2\/posts"}],"about":[{"href":"https:\/\/eaglehouse.com\/forum\/wp-json\/wp\/v2\/types\/post"}],"author":[{"embeddable":true,"href":"https:\/\/eaglehouse.com\/forum\/wp-json\/wp\/v2\/users\/1"}],"replies":[{"embeddable":true,"href":"https:\/\/eaglehouse.com\/forum\/wp-json\/wp\/v2\/comments?post=17086"}],"version-history":[{"count":0,"href":"https:\/\/eaglehouse.com\/forum\/wp-json\/wp\/v2\/posts\/17086\/revisions"}],"wp:attachment":[{"href":"https:\/\/eaglehouse.com\/forum\/wp-json\/wp\/v2\/media?parent=17086"}],"wp:term":[{"taxonomy":"category","embeddable":true,"href":"https:\/\/eaglehouse.com\/forum\/wp-json\/wp\/v2\/categories?post=17086"},{"taxonomy":"post_tag","embeddable":true,"href":"https:\/\/eaglehouse.com\/forum\/wp-json\/wp\/v2\/tags?post=17086"}],"curies":[{"name":"wp","href":"https:\/\/api.w.org\/{rel}","templated":true}]}}