{"id":17106,"date":"2022-11-14T13:02:47","date_gmt":"2022-11-14T13:02:47","guid":{"rendered":"https:\/\/eaglehouse.com\/forum\/?p=17106"},"modified":"2022-11-14T13:02:47","modified_gmt":"2022-11-14T13:02:47","slug":"a-la-rencontre-des-suds","status":"publish","type":"post","link":"https:\/\/eaglehouse.com\/forum\/a-la-rencontre-des-suds\/","title":{"rendered":"A la rencontre des suds"},"content":{"rendered":"<p>Stage d\u00e9criture, formation d\u00e9criture, centre des \u00e9critures de la chanson, Rencontres dAstaffort, chanson fran\u00e7aise, Francis Cabrel, Astaffort Jul 13, 2009 Documents de communication affiche, affichette-programme, annonces presse, etc. Pour le festival \u00c0 la rencontre des Suds, organis\u00e9 chaque Apr 13, 2021 La place des morts chez les vivants, Architectures, M\u00e9moires et Rituels, de la fin du M\u00e9solithique \u00e0 l\u00e2ge du Bronze. 4e Rencontres NordSud Sud Sdis \u00e0 la rencontre des agents du Sdis 44. 19 septembre 2019. Sud Sdis \u00e0 la rencontre des agents du Sdis 44 Un Vent rencontre-t- il des VI. De Nord beaucoup de terres, peu de Mers, sont ordinaiou de Sud rencontre un Vent dOccident ou d sement secs Des Rencontres professionnelles. Ces Rencontres ont \u00e9t\u00e9 cr\u00e9\u00e9es \u00e0 linitiative de professionnels du cin\u00e9ma d\u00e9sireux dimplanter dans le sud de la France un Jun 22, 2018 Khartoum-Le pr\u00e9sident sud-soudanais Salva Kiir et son rival Riek Machar se rencontreront lundi \u00e0 Khartoum pour leur deuxi\u00e8me s\u00e9rie de Nov 17, 2019 Le 27 avril 2018, une rencontre historique a eu lieu entre le dirigeant de la Cor\u00e9e du Nord, Kim Jong-un, et le pr\u00e9sident de la Cor\u00e9e du Sud <img decoding=\"async\" src=\"https:\/\/static.actu.fr\/uploads\/2021\/12\/p1170130.jpg\" alt=\"a la rencontre des suds\" align=\"left\"> Jul 9, 2018 Dans le cadre du festival Les Suds \u00e0 Arles du 9 au 15 juillet prochains, des rencontres professionnelles auront lieu \u00e0 lEspace Van Gogh Mar 19, 2019 Rendez-vous des professionnels du cin\u00e9ma, les Rencontres du Sud et le Festival des Montreurs dimages se d\u00e9roulent \u00e0 Avignon et dans les Jul 17, 2016 FESTIVAL LES SUDS ET RENCONTRES PROFESSIONNELLES DU 11 AU 17 JUILLET 2016 \u00c0 ARLES 13. FESTIVAL LES SUDS, \u00c0 ARLES La musique du monde 1 day ago. Projet exp\u00e9rimental pour les acteurs de la Dr\u00f4me: des rencontres et v\u00e9ritables rendez-vous dintelligence collective et de teamworking Oct 30, 2020 Les Rencontres R\u00e9pertoires \u00e0 Voix du Sud. Hier, Radio Bulle est all\u00e9 du c\u00f4t\u00e9 dAstaffort \u00e0 la rencontre des agenais Anahata et de Gabriel <img decoding=\"async\" src=\"https:\/\/saf-astronomie.fr\/wp-content\/uploads\/2021\/07\/20-Affiche_7.jpg\" alt=\"a la rencontre des suds\" align=\"right\"> Rencontres avec celles et ceux qui font le territoire Les SUDS, \u00e0 ARLES continue dinterroger. Les 9, 11 et 13 juillet prochain, venez \u00e9changer, d\u00e9battre, construire, d\u00e9couvrir lors de nos Rencontres 5 days ago Plusieurs trains vont de la gare TGV Haute-Picardie vers le sud-est. Vid\u00e9os sugg\u00e9r\u00e9es: Avant la rencontre face au PSG en Coupe de France <img decoding=\"async\" src=\"https:\/\/iao.cnrs.fr\/wp-content\/uploads\/2021\/10\/4e_rencontre_IAO_IRASIA-741x1024.jpg\" alt=\"a la rencontre des suds\" align=\"left\"> Nov 23, 2020 \u00c0 la rencontre de la musique classique avec M\u00e9lomanes C\u00f4te Sud. Permet la rencontre avec les artistes apr\u00e8s le concert, devient un lieu Les Rencontres de lalternance Du Lundi 29 mars Au Vendredi 2 avril 2021.<\/p>\n","protected":false},"excerpt":{"rendered":"<p>Stage d\u00e9criture, formation d\u00e9criture, centre des \u00e9critures de la chanson, Rencontres dAstaffort, chanson fran\u00e7aise, Francis Cabrel, Astaffort Jul 13, 2009 Documents de communication affiche, affichette-programme, annonces presse, etc. Pour le festival \u00c0 la rencontre des Suds, organis\u00e9 chaque Apr 13, 2021 La place des morts chez les vivants, Architectures, M\u00e9moires et Rituels, de la fin [&hellip;]<\/p>\n","protected":false},"author":1,"featured_media":0,"comment_status":"closed","ping_status":"closed","sticky":false,"template":"","format":"standard","meta":{"footnotes":""},"categories":[],"tags":[],"class_list":["post-17106","post","type-post","status-publish","format-standard","hentry"],"_links":{"self":[{"href":"https:\/\/eaglehouse.com\/forum\/wp-json\/wp\/v2\/posts\/17106","targetHints":{"allow":["GET"]}}],"collection":[{"href":"https:\/\/eaglehouse.com\/forum\/wp-json\/wp\/v2\/posts"}],"about":[{"href":"https:\/\/eaglehouse.com\/forum\/wp-json\/wp\/v2\/types\/post"}],"author":[{"embeddable":true,"href":"https:\/\/eaglehouse.com\/forum\/wp-json\/wp\/v2\/users\/1"}],"replies":[{"embeddable":true,"href":"https:\/\/eaglehouse.com\/forum\/wp-json\/wp\/v2\/comments?post=17106"}],"version-history":[{"count":0,"href":"https:\/\/eaglehouse.com\/forum\/wp-json\/wp\/v2\/posts\/17106\/revisions"}],"wp:attachment":[{"href":"https:\/\/eaglehouse.com\/forum\/wp-json\/wp\/v2\/media?parent=17106"}],"wp:term":[{"taxonomy":"category","embeddable":true,"href":"https:\/\/eaglehouse.com\/forum\/wp-json\/wp\/v2\/categories?post=17106"},{"taxonomy":"post_tag","embeddable":true,"href":"https:\/\/eaglehouse.com\/forum\/wp-json\/wp\/v2\/tags?post=17106"}],"curies":[{"name":"wp","href":"https:\/\/api.w.org\/{rel}","templated":true}]}}