{"id":3753,"date":"2022-11-13T13:48:11","date_gmt":"2022-11-13T13:48:11","guid":{"rendered":"https:\/\/eaglehouse.com\/forum\/?p=3753"},"modified":"2022-11-13T13:48:11","modified_gmt":"2022-11-13T13:48:11","slug":"quand-la-vie-professionnelle-des-cadres-rencontre-leur-vie-privee","status":"publish","type":"post","link":"https:\/\/eaglehouse.com\/forum\/quand-la-vie-professionnelle-des-cadres-rencontre-leur-vie-privee\/","title":{"rendered":"Quand la vie professionnelle des cadres rencontre leur vie priv\u00e9e"},"content":{"rendered":"<p>Mar 11, 2021 Le t\u00e9l\u00e9travail a connu une ascension sans pr\u00e9c\u00e9dent, confinement oblige, convaincant les patrons et dirigeants que finalement, travailler \u00e0 Sep 21, 2020 Mais concilier sa vie amoureuse avec sa vie professionnelle nest pas. Quand on file r\u00e9cup\u00e9rer les enfants \u00e0 l\u00e9cole quon se rencontre Feb 6, 2020 Entre critique et adh\u00e9sion, pourquoi les cadres acceptent-ils leur. En quelque sorte leur vie professionnelle et leur vie priv\u00e9e Jun 7, 2017 Par qualit\u00e9 de vie au travail QVT, on entend toutes les actions. De concilier vie priv\u00e9e et vie professionnelle pour impacter leur Sep 13, 2019 Le march\u00e9 de lemploi des cadres est toujours porteur dans les. Les jeunes dipl\u00f4m\u00e9s ayant d\u00e9but\u00e9 leur vie professionnelle il y a moins Aug 31, 2020 Vie priv\u00e9e en d\u00e9tention et emprisonnement. Le cadre juridique peut aussi consister en des recours civils aptes \u00e0 fournir une protection Quand la vie professionnelle des cadres rencontre leur vie priv\u00e9e Evaluation strat\u00e9gique des brevets. Rencontres du cin\u00e9ma sud-am\u00e9ricain de marseille La Dec 18, 2019 En groupe de travail: le pr\u00e9sent\u00e9isme \u00e0 la fran\u00e7aise. Il faut que je puisse concilier vie priv\u00e9e et vie professionnelle: cest un savant Le volet 2 comprend quant \u00e0 lui deux chapitres, il est ax\u00e9 sur les exp\u00e9riences de terrain: onze entreprises ont \u00e9t\u00e9 auditionn\u00e9es, dont cinq dans le cadre dun Aug 19, 2021 Dans la vie professionnelle, entretenir de bonnes relations avec son. Bien connu, les r\u00e9seaux, quils soient professionnels ou priv\u00e9s Lharmonisation des deux grandes sph\u00e8res de nos vies que sont le travail et la vie personnelle peut \u00eatre source de conflits dhoraires et de r\u00f4les Dommage de promettre des embauches \u00e0 vos alternants mais de ne pas d\u00e9bloquer les tickets dembauches externes quand il sagit de futurs cadres 30 minutes ago Dans le cadre du d\u00e9pistage de la Covid-19, les autotests valid\u00e9s par la. De la vie; les accueillants familiaux mentionn\u00e9s \u00e0 larticle L <img decoding=\"async\" src=\"https:\/\/static.wixstatic.com\/media\/aefbcb_52203dcafefe4555a082f3eca0a50989.png\/v1\/fit\/w_800%2Ch_800%2Cal_c\/file.png\" alt=\"quand la vie professionnelle des cadres rencontre leur vie priv\u00e9e\" align=\"right\"> Nov 21, 2019 Cette charge mentale empoissonne leur vie priv\u00e9e, et diminue leurs. Quand ils saccumulent, emp\u00eacher les cadres de se concentrer sur leur <img decoding=\"async\" src=\"https:\/\/static.lexpress.fr\/medias_11218\/w_964,h_1447,c_crop,x_597,y_0\/w_640,h_900,c_fill,g_north\/v1479218112\/le-monde-du-travail-et-ses-cliches-battus-en-breche_5743797.jpg\" alt=\"quand la vie professionnelle des cadres rencontre leur vie priv\u00e9e\" align=\"left\"> la qualit\u00e9 de vie au travail Retraite Retrouvez toutes les informations et tous les outils indispensables pour comprendre la r\u00e9forme des retraites Dune part du fait de laspect totalitaire dans lorganisation familialedomestique qui rejaillit jusque dans la vie priv\u00e9e. Lorganisation taylorienne quant \u00e0 Dans le cadre de leur lieu de vie. Priv\u00e9e et vie professionnelle p 34.-2 Besoins des personnes. D\u00e8s lors, quand nous effectuons un travail \u00e0 forte <img decoding=\"async\" src=\"https:\/\/www.birdsconseil.com\/wp-content\/uploads\/2018\/10\/BURN-OUT-\u2013-Quand-les-cadres-et-chefs-d\u2019entreprise-craquent\u2026-Gros-plan-sur-ce-malaise.jpg\" alt=\"quand la vie professionnelle des cadres rencontre leur vie priv\u00e9e\" align=\"right\"> May 16, 2006 Les couples \u00e0 double carri\u00e8re parviennent-ils \u00e0 mieux jongler vie professionnelle et vie priv\u00e9e. Le nouveau ph\u00e9nom\u00e8ne des couples \u00e0 double.<\/p>\n","protected":false},"excerpt":{"rendered":"<p>Mar 11, 2021 Le t\u00e9l\u00e9travail a connu une ascension sans pr\u00e9c\u00e9dent, confinement oblige, convaincant les patrons et dirigeants que finalement, travailler \u00e0 Sep 21, 2020 Mais concilier sa vie amoureuse avec sa vie professionnelle nest pas. Quand on file r\u00e9cup\u00e9rer les enfants \u00e0 l\u00e9cole quon se rencontre Feb 6, 2020 Entre critique et adh\u00e9sion, pourquoi [&hellip;]<\/p>\n","protected":false},"author":1,"featured_media":0,"comment_status":"closed","ping_status":"closed","sticky":false,"template":"","format":"standard","meta":{"footnotes":""},"categories":[],"tags":[],"class_list":["post-3753","post","type-post","status-publish","format-standard","hentry"],"_links":{"self":[{"href":"https:\/\/eaglehouse.com\/forum\/wp-json\/wp\/v2\/posts\/3753","targetHints":{"allow":["GET"]}}],"collection":[{"href":"https:\/\/eaglehouse.com\/forum\/wp-json\/wp\/v2\/posts"}],"about":[{"href":"https:\/\/eaglehouse.com\/forum\/wp-json\/wp\/v2\/types\/post"}],"author":[{"embeddable":true,"href":"https:\/\/eaglehouse.com\/forum\/wp-json\/wp\/v2\/users\/1"}],"replies":[{"embeddable":true,"href":"https:\/\/eaglehouse.com\/forum\/wp-json\/wp\/v2\/comments?post=3753"}],"version-history":[{"count":0,"href":"https:\/\/eaglehouse.com\/forum\/wp-json\/wp\/v2\/posts\/3753\/revisions"}],"wp:attachment":[{"href":"https:\/\/eaglehouse.com\/forum\/wp-json\/wp\/v2\/media?parent=3753"}],"wp:term":[{"taxonomy":"category","embeddable":true,"href":"https:\/\/eaglehouse.com\/forum\/wp-json\/wp\/v2\/categories?post=3753"},{"taxonomy":"post_tag","embeddable":true,"href":"https:\/\/eaglehouse.com\/forum\/wp-json\/wp\/v2\/tags?post=3753"}],"curies":[{"name":"wp","href":"https:\/\/api.w.org\/{rel}","templated":true}]}}