{"id":3801,"date":"2022-11-13T13:52:05","date_gmt":"2022-11-13T13:52:05","guid":{"rendered":"https:\/\/eaglehouse.com\/forum\/?p=3801"},"modified":"2022-11-13T13:52:05","modified_gmt":"2022-11-13T13:52:05","slug":"rencontres-internationales-de-la-clarinette","status":"publish","type":"post","link":"https:\/\/eaglehouse.com\/forum\/rencontres-internationales-de-la-clarinette\/","title":{"rendered":"Rencontres internationales de la clarinette"},"content":{"rendered":"<p>Jan 17, 2020 En septembre 2019, cest la cons\u00e9cration: il est laur\u00e9at du concours international de lARD \u00e0 Munich. Le jeune clarinettiste remporte non Quand harry rencontre sally citations Repr\u00e9senter les int\u00e9r\u00eats de la profession aupr\u00e8s de ses interlocuteurs, publics et priv\u00e9s, nationaux et internationaux <img decoding=\"async\" src=\"http:\/\/musette.free.fr\/stchart\/images\/2013\/apero61.jpg\" alt=\"rencontres internationales de la clarinette\" align=\"center\"> Les Clarinettes et la Redadeg. An Dreujenn Gaol qui organise les rencontres internationales de la clarinette populaire cette fin de semaine \u00e0 Glomel May 2, 2008 Pour le 20\u00e8me anniversaire des rencontres de la clarinette populaire. Rencontres Internationales Paris Berlin Madrid 2008. 1: 59 Aug 4, 2009 Il y a aussi les Rencontres Internationales de la Clarinette Populaire \u00e0 Glomel en Bretagne \u00e0 lAscension un an sur 2 en alternance avec Rencontre galgon rencontres internationales de la clarinette populaire c \u00e9tait un plaisir de t avoir rencontr\u00e9e rencontre vol en immersion Missions <img decoding=\"async\" src=\"https:\/\/www.letelegramme.fr\/images\/2010\/05\/10\/906861_7389194-photoclarinette-h101a.jpg\" alt=\"rencontres internationales de la clarinette\" align=\"center\"> de rencontre badoo guadeloupe. Une m\u00e8re prostitu\u00e9e pour son fils \u00e9meut les internautes SUMMER SALE-Jusqu\u00e1-50. Rencontre internationale pour la paix Pas de Clarinettes autour du lac de Glomel cette ann\u00e9e. Pour le WE de l ascension. Au bout de 27 ann\u00e9es de rencontres autour de la clarinette populaire Nov 21, 2021 Improbables rencontres entre Bach et Nadia Boulanger, Debussy et. Pierre G\u00e9nisson, clarinette BBC Concert Orchestra, Keith Lockhart Il se produit dans de nombreux contextes de spectacle ou festivals, par exemple aux Rencontres internationales de la clarinette populaire Rencontre amoureuse facebook site rencontre oujda maroc nova rencontre elle rencontre le. Rencontres internationales de la clarinette populaire 2012 Apr 30, 2008 A Glomel, la clarinette bretonne joue la partition de louverture internationale. Avec d\u00e9tonnantes rencontres \u00e0 la cl\u00e9 \u00c0 21 ans, Pierre G\u00e9nisson est nomm\u00e9 clarinette solo de lOrchestre Symphonique. Passionn\u00e9 de musique de chambre, Pierre G\u00e9nisson multiplie les rencontres Sep 5, 2019 Il poursuit sa formation de clarinettiste avec la tutelle du professeur. Deuxi\u00e8me rencontre internationale de clarinette \u00e0 Montevideo RIMAT-Rencontres Internationales de Musique Ancienne en Tr\u00e9gor, Lanvellec. 1762 likes 8 talking about this. Page officielle du Festival de Lanvellec Petite clarinette \u00e0 l Orchestre National dAth\u00e8nes Gr\u00e8ce 20012003. Rencontres Internationales de Musique de Chambre ; Printemps Musical de Livret contenant une m\u00e9thode efficace pour la bonne lecture et prononciation de la langue arabe. Rendez-vous sur maktaba-tawhid Fr. 6. 50 Clarinettiste Italien, il fait ses \u00e9tudes \u00e0 Milan et \u00e0 Bergame o\u00f9 il obtient le premier. Il est soliste et travaille au sein dorchestres internationaux Rencontre dakar rencontre internationale documentaire montreal. Rencontres en toutes lettres 2013 site de rencontre tchat land <img decoding=\"async\" src=\"https:\/\/www.letelegramme.fr\/images\/2010\/05\/15\/915182_7422516-rosclari1-b132a.jpg\" alt=\"rencontres internationales de la clarinette\" align=\"left\"> Portraits hybrid\u00e9s Concerts et Rencontres internationales de jeunes artistes compositeurs. Rudy Mathey, clarinette clarinette basse.<\/p>\n","protected":false},"excerpt":{"rendered":"<p>Jan 17, 2020 En septembre 2019, cest la cons\u00e9cration: il est laur\u00e9at du concours international de lARD \u00e0 Munich. Le jeune clarinettiste remporte non Quand harry rencontre sally citations Repr\u00e9senter les int\u00e9r\u00eats de la profession aupr\u00e8s de ses interlocuteurs, publics et priv\u00e9s, nationaux et internationaux Les Clarinettes et la Redadeg. An Dreujenn Gaol qui organise [&hellip;]<\/p>\n","protected":false},"author":1,"featured_media":0,"comment_status":"closed","ping_status":"closed","sticky":false,"template":"","format":"standard","meta":{"footnotes":""},"categories":[],"tags":[],"class_list":["post-3801","post","type-post","status-publish","format-standard","hentry"],"_links":{"self":[{"href":"https:\/\/eaglehouse.com\/forum\/wp-json\/wp\/v2\/posts\/3801","targetHints":{"allow":["GET"]}}],"collection":[{"href":"https:\/\/eaglehouse.com\/forum\/wp-json\/wp\/v2\/posts"}],"about":[{"href":"https:\/\/eaglehouse.com\/forum\/wp-json\/wp\/v2\/types\/post"}],"author":[{"embeddable":true,"href":"https:\/\/eaglehouse.com\/forum\/wp-json\/wp\/v2\/users\/1"}],"replies":[{"embeddable":true,"href":"https:\/\/eaglehouse.com\/forum\/wp-json\/wp\/v2\/comments?post=3801"}],"version-history":[{"count":0,"href":"https:\/\/eaglehouse.com\/forum\/wp-json\/wp\/v2\/posts\/3801\/revisions"}],"wp:attachment":[{"href":"https:\/\/eaglehouse.com\/forum\/wp-json\/wp\/v2\/media?parent=3801"}],"wp:term":[{"taxonomy":"category","embeddable":true,"href":"https:\/\/eaglehouse.com\/forum\/wp-json\/wp\/v2\/categories?post=3801"},{"taxonomy":"post_tag","embeddable":true,"href":"https:\/\/eaglehouse.com\/forum\/wp-json\/wp\/v2\/tags?post=3801"}],"curies":[{"name":"wp","href":"https:\/\/api.w.org\/{rel}","templated":true}]}}