{"id":3953,"date":"2022-11-13T14:03:15","date_gmt":"2022-11-13T14:03:15","guid":{"rendered":"https:\/\/eaglehouse.com\/forum\/?p=3953"},"modified":"2022-11-13T14:03:15","modified_gmt":"2022-11-13T14:03:15","slug":"rencontre-de-la-photographie-africaine-de-bamako","status":"publish","type":"post","link":"https:\/\/eaglehouse.com\/forum\/rencontre-de-la-photographie-africaine-de-bamako\/","title":{"rendered":"Rencontre de la photographie africaine de bamako"},"content":{"rendered":"<p>Planificateur militaire au si\u00e8ge de lUnion africaine SPMU, Addis Abeba, Ethiopie: 2008-2009;-Officier op\u00e9rations et plans au Bureau des Nations unies Oct 18, 2005 Les sixi\u00e8mes Rencontres africaines de la photographie pr\u00e9vues du 10 novembre au 10 d\u00e9cembre prochains \u00e0 Bamako, au Mali, ont \u00e9t\u00e9 pr\u00e9sent\u00e9es Apr 26, 2021 La biennale africaine de photographie aura lieu du 20 novembre 2021 au 20 janvier 2022. Cinq commissaires travailleront \u00e0 la programmation Le pr\u00e9sident sud-africain, Cyril Ramaphosa, est arriv\u00e9 mercredi \u00e0 Abidjan pour une visite officielle de 72h, en d\u00e9but de soir\u00e9e Publi\u00e9 le 01 12. 2021 par APA Jan 4, 2020 Cette ann\u00e9e les rencontres de la photographie africaine de Bamako ont sonn\u00e9 un nouveau d\u00e9part risqu\u00e9. Plusieurs changements font de cette Fronti\u00e8res. Rencontres de Bamako 2009. Biennale africaine de la photographie. PMichket KrifaDimitri Analis. SActes Sud. Bamako est le catalogue des Rencontres Sep 21, 2015 Deux mois avant louverture de l\u00e9dition anniversaire de la Biennale africaine de la photographie, ses commissaires Bisi Silva et Yves <img decoding=\"async\" src=\"http:\/\/www.maliweb.net\/wp-content\/news\/images\/2011\/11\/Biennale_Africaine_Photographie.jpg\" alt=\"rencontre de la photographie africaine de bamako\" align=\"center\"> Sep 23, 2020 Propos\u00e9 par Rencontres de Bamako Biennale africaine de la photographie Bon h\u00f4tel, bien plac\u00e9, tr\u00e8s s\u00e9curis\u00e9, calme. Accueil agr\u00e9able Jan 9, 2020 Article Les Rencontres de Bamako font de la r\u00e9sistance Art et patrimoine. CFP et de la MAP Maison africaine de la photographie Technique et esth\u00e9tique des photographies de la 7\u00e8me \u00e9dition du festival de. Les Rencontres africaines de la photographie \u00e0 Bamako faisaient d\u00e9couvrir au Sep 21, 2015 Deux mois avant louverture de l\u00e9dition anniversaire de la Biennale africaine de la photographie, ses commissaires Bisi Silva et Yves La 13\u00e8me \u00e9dition des Rencontres africaines de la photo de Bamako est lanc\u00e9e. Un appel \u00e0 candidatures est ouvert aux artistes africains, photographes et Dec 4, 2019 Direction Bamako au Mali pour le 25eme anniversaire des Rencontres africaines de la photographie, aussi appel\u00e9es Biennale de la photographie Nov 30, 2007 Les 7es Rencontres de la photographie, organis\u00e9es jusquau 23 d\u00e9cembre au Mali, mettent en avant la grande cr\u00e9ativit\u00e9 des artistes du Not\u00e9 5. Retrouvez Bamako: 5eme rencontre de la photographie africaine: rites sacr\u00e9s, rites profanes et des millions de livres en stock sur Amazon. Fr Dec 5, 2007 Bamako, fin novembre, le petit studio du c\u00e9l\u00e8bre portraitiste Malick Sidib\u00e9 ne. Pendant les Rencontres africaines de la photographie Sep 15, 2019 La Biennale africaine de la photographie et de lart vid\u00e9o se tiendra \u00e0 Bamako, la ville lumi\u00e8re, du 30 novembre 2019 au 31 janvier 2020 Nov 30, 2007 Les 7es Rencontres de la photographie, organis\u00e9es jusquau 23 d\u00e9cembre au Mali, mettent en avant la grande cr\u00e9ativit\u00e9 des artistes du Nov 21, 2011 La capitale du Mali simpose comme le rendez-vous international dune nouvelle g\u00e9n\u00e9ration de photographes africains. Cette ann\u00e9e, l\u00e9cologie 14 d\u00e9cembre, 2021. Mali-France: Face \u00e0 la menace russe, Emmanuel Macron \u00e0 Bamako pour rencontrer Assimi Go\u00efta. 14 d\u00e9cembre, 2021 <img decoding=\"async\" src=\"http:\/\/maliactu.info\/wp-content\/uploads\/2019\/12\/ibrahim-boubacar-keita-president-malien-ibk-biennale-photographie-boubou-cisse-premier-ministre-ndiaye-ramatoulaye-diallo-ministre-culture-musee-nationale-africaine-inauguration-tableau-exposition.jpg\" alt=\"rencontre de la photographie africaine de bamako\" align=\"right\"> De la photographie et des arts visuels la plus singuli\u00e8re du continent africain. Intitul\u00e9e Maa ka Maaya ka ca a yere kono Sur la multiplicit\u00e9, la diff\u00e9rence Dec 19, 1998 Pour la troisi\u00e8me fois viennent de se tenir dans la capitale malienne les Rencontres de la photographie africaine <img decoding=\"async\" src=\"https:\/\/images-na.ssl-images-amazon.com\/images\/I\/41KXZX70XcL._SX361_BO1,204,203,200_.jpg\" alt=\"rencontre de la photographie africaine de bamako\" align=\"center\">.<\/p>\n","protected":false},"excerpt":{"rendered":"<p>Planificateur militaire au si\u00e8ge de lUnion africaine SPMU, Addis Abeba, Ethiopie: 2008-2009;-Officier op\u00e9rations et plans au Bureau des Nations unies Oct 18, 2005 Les sixi\u00e8mes Rencontres africaines de la photographie pr\u00e9vues du 10 novembre au 10 d\u00e9cembre prochains \u00e0 Bamako, au Mali, ont \u00e9t\u00e9 pr\u00e9sent\u00e9es Apr 26, 2021 La biennale africaine de photographie aura lieu [&hellip;]<\/p>\n","protected":false},"author":1,"featured_media":0,"comment_status":"closed","ping_status":"closed","sticky":false,"template":"","format":"standard","meta":{"footnotes":""},"categories":[],"tags":[],"class_list":["post-3953","post","type-post","status-publish","format-standard","hentry"],"_links":{"self":[{"href":"https:\/\/eaglehouse.com\/forum\/wp-json\/wp\/v2\/posts\/3953","targetHints":{"allow":["GET"]}}],"collection":[{"href":"https:\/\/eaglehouse.com\/forum\/wp-json\/wp\/v2\/posts"}],"about":[{"href":"https:\/\/eaglehouse.com\/forum\/wp-json\/wp\/v2\/types\/post"}],"author":[{"embeddable":true,"href":"https:\/\/eaglehouse.com\/forum\/wp-json\/wp\/v2\/users\/1"}],"replies":[{"embeddable":true,"href":"https:\/\/eaglehouse.com\/forum\/wp-json\/wp\/v2\/comments?post=3953"}],"version-history":[{"count":0,"href":"https:\/\/eaglehouse.com\/forum\/wp-json\/wp\/v2\/posts\/3953\/revisions"}],"wp:attachment":[{"href":"https:\/\/eaglehouse.com\/forum\/wp-json\/wp\/v2\/media?parent=3953"}],"wp:term":[{"taxonomy":"category","embeddable":true,"href":"https:\/\/eaglehouse.com\/forum\/wp-json\/wp\/v2\/categories?post=3953"},{"taxonomy":"post_tag","embeddable":true,"href":"https:\/\/eaglehouse.com\/forum\/wp-json\/wp\/v2\/tags?post=3953"}],"curies":[{"name":"wp","href":"https:\/\/api.w.org\/{rel}","templated":true}]}}