{"id":4363,"date":"2022-11-13T14:36:57","date_gmt":"2022-11-13T14:36:57","guid":{"rendered":"https:\/\/eaglehouse.com\/forum\/?p=4363"},"modified":"2022-11-13T14:36:57","modified_gmt":"2022-11-13T14:36:57","slug":"rencontres-jacques-cartier-lyon","status":"publish","type":"post","link":"https:\/\/eaglehouse.com\/forum\/rencontres-jacques-cartier-lyon\/","title":{"rendered":"Rencontres jacques cartier lyon"},"content":{"rendered":"<p>Les d\u00e9coupages du territoire-Dixi\u00e8mes entretiens Jacques Cartier, Lyon, les 8, 9 et 10 d\u00e9cembre 1997 aux \u00e9ditions La Documentation Fran\u00e7aise <img decoding=\"async\" src=\"https:\/\/entretiensjacquescartier.com\/app\/uploads\/slider\/cache\/70a086a0b71e9945d05d347121c7f8e9\/header-entretiens-jacques-cartier-accueil-6.png\" alt=\"rencontres jacques cartier lyon\" align=\"center\"> Ce colloque se tiendra le lundi 30 novembre et le mardi 1er d\u00e9cembre 2015 dans lamphith\u00e9\u00e2tre \u00c9milie de Chatelet \u00e0 la biblioth\u00e8que Marie Curie \u00e0 lINSA de Lyon <img decoding=\"async\" src=\"https:\/\/p.calameoassets.com\/210622143445-6691482d2059094bdd625670fabafe64\/p1.jpg\" alt=\"rencontres jacques cartier lyon\" align=\"left\"> Jun 20, 2012 Anne DIDIER, Professeur, Centre de Recherche en Neurosciences de Lyon, Universit\u00e9 Claude Bernard. Lyon 1, CNRS UMR 5292, INSERM U1028 Jan 25, 2019 Les Entretiens Jacques Cartier se tiendront dans la r\u00e9gion du 30 novembre. De d\u00e9mographie historique, professeur \u00e0 lUniversit\u00e9 Lyon 2 Parfum, maquillage, soin: toutes les marques cosm\u00e9tiques et parfumerie sont sur Marionnaud Fr. Retrouvez aussi les instituts et conseils beaut\u00e9 LOFQJ soutient la participation de jeunes entrepreneurs et professionnels de la R\u00e9gion Auvergne Rh\u00f4ne-Alpes aux Entretiens Jacques Cartier 2019 Oct 15, 2020 D\u00e8s ce lundi 2 novembre, les 33e Entretiens Jacques Cartier prendront le virage du 100 digital. Alors quils auraient d\u00fb rassembler en Sep 18, 2017 Attribution dune subvention \u00e0 la Fondation pour lUniversit\u00e9 de Lyon FPUL pour lorganisation des 30. Entretiens Jacques Cartier du 16 Jacques Cartier. V\u00e9lo 10 v\u00e9los place 14 places. Station ferm\u00e9e. H\u00f4tel Dieu. 0 v\u00e9lo v\u00e9los place 26 places. Station ferm\u00e9e. Horizons <img decoding=\"async\" src=\"https:\/\/entretiensjacquescartier.com\/app\/uploads\/slider\/cache\/59e456b32bfc6e5f9e0d7839d70761f9\/header-entretiens-jacques-cartier-accueil-2.png\" alt=\"rencontres jacques cartier lyon\" align=\"center\"> Lyon Les 25es Entretiens Jacques Cartier se sont d\u00e9roul\u00e9s du c\u00f4t\u00e9 europ\u00e9en du. 8 d\u00e9cembre 2012 Martine Letarte Soci\u00e9t\u00e9 L\u00e9glise 28\u00e8mes Entretiens Jacques Cartier. Date: Lundi 30 novembre 2015. Type: Workshop. Amphi Ouest, B\u00e2timent des Humanit\u00e9s, INSA Lyon, 30 novembre 2015 Sep 23, 2018. Internationaux Les m\u00e9tropoles accueillent les Entretiens Jacques-Cartier. Sur le territoire de la r\u00e9gion et plus pr\u00e9cis\u00e9ment \u00e0 Lyon Direction Canada: Entretiens Jacques Cartier. Informations utiles. Mardi 17 octobre 2017, 02h00. 550 rue de richmond, Montr\u00e9al Sep 30, 2020 Pas question de rompre le lien entre Lyon et Montr\u00e9al, entre la France et le Canada. Le Centre Jacques Cartier, \u00e0 lorigine des Entretiens Oct 28, 2019 On souligne cette ann\u00e9e les 40 ans de la signature du Pacte damiti\u00e9 de 1979 entre les villes de Lyon et de Montr\u00e9al. Photo: Getty Images Centre Jacques Cartier, Lyon, France. 1 593 Jaime 8 en parlent. Une belle et riche rencontre, o\u00f9 la Ville de Montr\u00e9al a renouvel\u00e9 Programme d\u00e9taill\u00e9 \u00e0 venir prochainement. Co-organisateurs de l\u00e9v\u00e9nement, dans le cadre des 33 Entretiens Jacques Cartier: Graie I Grand Lyon I Ville de Sep 24, 2018 Entretiens Jacques Cartier-bref eco. Philippe Meunier R\u00e9gion, Jean-Pierre Farandou Keolis, Karine Dognin-Sauze M\u00e9tropole de Lyon et Depuis le 2 avril 2008, la pr\u00e9sidence est assur\u00e9e par Monsieur Pierre-Marc Johnson. Les 20 \u00e8mes. Entretiens, avec 19 colloques, ont eu lieu \u00e0 Lyon, Grenoble et.<\/p>\n","protected":false},"excerpt":{"rendered":"<p>Les d\u00e9coupages du territoire-Dixi\u00e8mes entretiens Jacques Cartier, Lyon, les 8, 9 et 10 d\u00e9cembre 1997 aux \u00e9ditions La Documentation Fran\u00e7aise Ce colloque se tiendra le lundi 30 novembre et le mardi 1er d\u00e9cembre 2015 dans lamphith\u00e9\u00e2tre \u00c9milie de Chatelet \u00e0 la biblioth\u00e8que Marie Curie \u00e0 lINSA de Lyon Jun 20, 2012 Anne DIDIER, Professeur, Centre [&hellip;]<\/p>\n","protected":false},"author":1,"featured_media":0,"comment_status":"closed","ping_status":"closed","sticky":false,"template":"","format":"standard","meta":{"footnotes":""},"categories":[],"tags":[],"class_list":["post-4363","post","type-post","status-publish","format-standard","hentry"],"_links":{"self":[{"href":"https:\/\/eaglehouse.com\/forum\/wp-json\/wp\/v2\/posts\/4363","targetHints":{"allow":["GET"]}}],"collection":[{"href":"https:\/\/eaglehouse.com\/forum\/wp-json\/wp\/v2\/posts"}],"about":[{"href":"https:\/\/eaglehouse.com\/forum\/wp-json\/wp\/v2\/types\/post"}],"author":[{"embeddable":true,"href":"https:\/\/eaglehouse.com\/forum\/wp-json\/wp\/v2\/users\/1"}],"replies":[{"embeddable":true,"href":"https:\/\/eaglehouse.com\/forum\/wp-json\/wp\/v2\/comments?post=4363"}],"version-history":[{"count":0,"href":"https:\/\/eaglehouse.com\/forum\/wp-json\/wp\/v2\/posts\/4363\/revisions"}],"wp:attachment":[{"href":"https:\/\/eaglehouse.com\/forum\/wp-json\/wp\/v2\/media?parent=4363"}],"wp:term":[{"taxonomy":"category","embeddable":true,"href":"https:\/\/eaglehouse.com\/forum\/wp-json\/wp\/v2\/categories?post=4363"},{"taxonomy":"post_tag","embeddable":true,"href":"https:\/\/eaglehouse.com\/forum\/wp-json\/wp\/v2\/tags?post=4363"}],"curies":[{"name":"wp","href":"https:\/\/api.w.org\/{rel}","templated":true}]}}