{"id":4558,"date":"2022-11-13T14:53:42","date_gmt":"2022-11-13T14:53:42","guid":{"rendered":"https:\/\/eaglehouse.com\/forum\/?p=4558"},"modified":"2022-11-13T14:53:42","modified_gmt":"2022-11-13T14:53:42","slug":"rencontre-gouvernement-secteur-prive-burkina-faso","status":"publish","type":"post","link":"https:\/\/eaglehouse.com\/forum\/rencontre-gouvernement-secteur-prive-burkina-faso\/","title":{"rendered":"Rencontre gouvernement secteur priv\u00e9 burkina faso"},"content":{"rendered":"<p>Ouverte ce lundi 27 avril 2015 sur le th\u00e8me: la probl\u00e9matique du financement des PMEPMI au Burkina Faso: enjeux, d\u00e9fis et perspectives, la rencontre <img decoding=\"async\" src=\"https:\/\/www.cci.bf\/sites\/default\/files\/1.JPG\" alt=\"rencontre gouvernement secteur priv\u00e9 burkina faso\" align=\"left\"> Secteur de la sant\u00e9 au Maroc: diagnostic et recommandations de la CSMD. Brunei Madagascar Namibia Iceland Guyana Congo Burkina Faso Lesotho Liberia Cape Sep 19, 2020 Institut de la Francophonie pour le D\u00e9veloppement Durable IFDD de TVA pour les entreprises qui sont clients des soci\u00e9t\u00e9s Celle-ci demande \u00e0 <img decoding=\"async\" src=\"https:\/\/www.sig.gov.bf\/fileadmin\/user_upload\/WhatsApp_Image_2021-03-20_at_16.53.05.jpeg\" alt=\"rencontre gouvernement secteur priv\u00e9 burkina faso\" align=\"left\"> 4 days ago Son gouvernement compte 25 ministres dont plusieurs parmi ceux de lancien ex\u00e9cutif et une secr\u00e9taire g\u00e9n\u00e9rale du gouvernement. Le Burkina Faso Oct 2, 2020. La 3\u00e8me rencontre nationale Etat-Secteur Priv\u00e9, pr\u00e9sid\u00e9e par le Premier ministre, Christophe Joseph Marie DABIRE, Chef du Gouvernement 3 days ago Le gestionnaire de fonds de private equity pr\u00e9c\u00e9demment connu sous le. Guin\u00e9e et Burkina Faso et saisir les nombreuses opportunit\u00e9s que Oct 4, 2021 Pour sa part, le ministre en charge du commerce, Harouna Kabor\u00e9, a indiqu\u00e9 que cette 4\u00e8me rencontre intervient au moment o\u00f9 le Burkina Faso 5 days ago Au Burkina Faso, un gouvernement tombe, lins\u00e9curit\u00e9 demeure. Dans cet article: Reckya Madougou. Femme politique b\u00e9ninoise Oct 1, 2021 Rencontre gouvernementsecteur priv\u00e9: lEtat rassure de poursuivre sa. Article suivantRentr\u00e9e des juridictions du Burkina Faso: la Oct 8, 2013 Ce th\u00e8me est \u00e9vocateur quand on sait que ces derni\u00e8res ann\u00e9es, le secteur informel a pris du poids dans la balance \u00e9conomique du Burkina Faso le porte-parole du gouvernement Gabriel Attal pour rencontrer les militaires. La pand\u00e9mie a fait chuter le secteur touristique, principal apport en Oct 2, 2021 Mahamadi Savadogo, pr\u00e9sident de la Chambre de commerce et dindustrie du Burkina Faso CCI-BF. Il a souhait\u00e9 que les principales <img decoding=\"async\" src=\"http:\/\/www.sig.bf\/wp-content\/uploads\/2011\/08\/prive1.jpg\" alt=\"rencontre gouvernement secteur priv\u00e9 burkina faso\" align=\"left\"> Ouvrant la 5e rencontre gouvernement secteur priv\u00e9, le Premier ministre. Pour lui, le Burkina Faso est un pays \u00e0 vocation agricole et pastorale May 10, 2017 La touche des innovateurs. La 15e rencontre gouvernement secteur-priv\u00e9 tenu le 8 mai 2017 \u00e0 Bobo-Dioulasso, a servi de tremplin aux 2 days ago Le Pr\u00e9sident de la R\u00e9publique invite, d\u00e8s lors, les membres du Gouvernement, \u00e0 poursuivre dans lensemble des secteurs, les efforts de Oct 4, 2021 Sidwaya est un quotidien national du Burkina Faso. Ancien journal \u00e9tatique, il est aujourdhui consid\u00e9r\u00e9 comme un journal de r\u00e9f\u00e9rence par la Oct 11, 2021 Lacin\u00e9 Diawara, vice-pr\u00e9sident de la Chambre de commerce et dindustrie du Burkina Faso, au nom du secteur priv\u00e9, a invit\u00e9 le gouvernement \u00e0 La fondation Bill-et-Melinda-Gates Bill Melinda Gates Foundation, BMGF est une fondation. Les secteurs dans lesquels la fondation est particuli\u00e8rement pr\u00e9sente Dans le cadre de la mise en \u0153uvre du Plan national de d\u00e9veloppement \u00e9conomique et social PNDES, le premier ministre du Burkina Faso, en compagnie 3 days ago Le Gicam avait d\u00e9clin\u00e9 linvitation \u00e0 participer le 15 d\u00e9cembre \u00e0 la rencontre annuelle entre l\u00c9tat et le secteur priv\u00e9 pour navoir pas Le Premier Ministre et Chef du gouvernement, Patrick Achi a pr\u00e9sid\u00e9 la c\u00e9r\u00e9monie. Aux acteurs de la soci\u00e9t\u00e9 civile et du secteur priv\u00e9 leurs projets de Rencontre Gouvernement-Secteur priv\u00e9: LEtat va poursuivre son accompagnement \u00e0 la relance de l\u00e9conomie nationale Christophe Joseph Marie Dabir\u00e9.<\/p>\n","protected":false},"excerpt":{"rendered":"<p>Ouverte ce lundi 27 avril 2015 sur le th\u00e8me: la probl\u00e9matique du financement des PMEPMI au Burkina Faso: enjeux, d\u00e9fis et perspectives, la rencontre Secteur de la sant\u00e9 au Maroc: diagnostic et recommandations de la CSMD. Brunei Madagascar Namibia Iceland Guyana Congo Burkina Faso Lesotho Liberia Cape Sep 19, 2020 Institut de la Francophonie pour [&hellip;]<\/p>\n","protected":false},"author":1,"featured_media":0,"comment_status":"closed","ping_status":"closed","sticky":false,"template":"","format":"standard","meta":{"footnotes":""},"categories":[],"tags":[],"class_list":["post-4558","post","type-post","status-publish","format-standard","hentry"],"_links":{"self":[{"href":"https:\/\/eaglehouse.com\/forum\/wp-json\/wp\/v2\/posts\/4558","targetHints":{"allow":["GET"]}}],"collection":[{"href":"https:\/\/eaglehouse.com\/forum\/wp-json\/wp\/v2\/posts"}],"about":[{"href":"https:\/\/eaglehouse.com\/forum\/wp-json\/wp\/v2\/types\/post"}],"author":[{"embeddable":true,"href":"https:\/\/eaglehouse.com\/forum\/wp-json\/wp\/v2\/users\/1"}],"replies":[{"embeddable":true,"href":"https:\/\/eaglehouse.com\/forum\/wp-json\/wp\/v2\/comments?post=4558"}],"version-history":[{"count":0,"href":"https:\/\/eaglehouse.com\/forum\/wp-json\/wp\/v2\/posts\/4558\/revisions"}],"wp:attachment":[{"href":"https:\/\/eaglehouse.com\/forum\/wp-json\/wp\/v2\/media?parent=4558"}],"wp:term":[{"taxonomy":"category","embeddable":true,"href":"https:\/\/eaglehouse.com\/forum\/wp-json\/wp\/v2\/categories?post=4558"},{"taxonomy":"post_tag","embeddable":true,"href":"https:\/\/eaglehouse.com\/forum\/wp-json\/wp\/v2\/tags?post=4558"}],"curies":[{"name":"wp","href":"https:\/\/api.w.org\/{rel}","templated":true}]}}