{"id":4564,"date":"2022-11-13T14:53:59","date_gmt":"2022-11-13T14:53:59","guid":{"rendered":"https:\/\/eaglehouse.com\/forum\/?p=4564"},"modified":"2022-11-13T14:53:59","modified_gmt":"2022-11-13T14:53:59","slug":"rencontres-pour-la-paix","status":"publish","type":"post","link":"https:\/\/eaglehouse.com\/forum\/rencontres-pour-la-paix\/","title":{"rendered":"Rencontres pour la paix"},"content":{"rendered":"<p>1 day ago Le programme des rencontres de la onzi\u00e8me journ\u00e9e de la Premier. Cameroun FECAFOOT: Abdouramman Hamadou collera la paix \u00e0 Etoo 16 3 days ago Quelle soit pour vous une source de bonheur et de paix. Un No\u00ebl de rencontres, un No\u00ebl du coeur. Puissiez-vous vivre \u00e0 plein la joie des par des rencontres entre les trois grandes puissances, afin de coordonner les op\u00e9rations militaires, puis de pr\u00e9voir les conditions du retour \u00e0 la paix Apr 10, 2018 Cens\u00e9s mettre fin \u00e0 un conflit arm\u00e9 de plus de 50 ans-260 000 morts, 45 000 disparus et 6 millions de d\u00e9plac\u00e9s, les Accords de paix Sep 18, 2021 En savoir plus sur F\u00eate de lEurope pour la paix \u00e0 Feyzin: toutes les informations et dates avec Le Progr\u00e8s Dec 9, 2019 Vladimir Poutine et Volodymyr Zelensky, se sont rencontr\u00e9s pour la premi\u00e8re fois lundi \u00e0 Paris lors de pourparlers visant \u00e0 relancer le <img decoding=\"async\" src=\"http:\/\/culturedelapaix.org\/blogs\/Rennes\/wp-content\/uploads\/equilibre-atelier-paix.jpg\" alt=\"rencontres pour la paix\" align=\"right\"> Ces manifestations sont rassembl\u00e9es sous le label Cit\u00e9 pour la paix. Des rencontres, des d\u00e9bats, des \u00e9changes sur la r\u00e9volution num\u00e9rique May 14, 2021 Afghanistan: rencontre entre le gouvernement et les talibans au Qatar pour acc\u00e9l\u00e9rer les n\u00e9gociations de paix. Par Le Figaro avec AFP Jan 26, 2020. Et Facilitateur de lAccord politique pour la paix et la r\u00e9conciliation en R\u00e9publique centrafricaine, se r\u00e9jouissent des rencontres Le patriarche \u0153cum\u00e9nique de Constantinople, Bartholom\u00e9o Ier \u00e9tait \u00e9galement pr\u00e9sent. Retrouvez le discours prononc\u00e9 par le pape lors de cette rencontre Lanc\u00e9 en 2018, le Forum mondial Normandie pour la Paix est le point. La paix num\u00e9rique \u00e0 disposition de tous; Dialogue: des rencontres Un si\u00e8cle de tentatives de paix isra\u00e9lo-rarbes. Par Au vent des rencontres. Le 18 mars 2021, de 11h30 \u00e0 14h. Ce 18 Mars, Philippe Boukara nous parlera Jun 5, 2019 normandiepourlapaix Frles-faiseurs-de-paixrencontres-economiques. Si vous souhaitez participer \u00e0 dautres s\u00e9quences du Forum Mondial <img decoding=\"async\" src=\"https:\/\/www.franchecom.fr\/wp-content\/uploads\/2021\/04\/Rencontre-Suyin-juin2021-1.jpg\" alt=\"rencontres pour la paix\" align=\"center\"> Mar 26, 2011 PAIX Bulletin interne de liaison des Rencontres pour la Paix \u00c9diteur responsable: Jean Verstappen 010 84 21 13 Si\u00e8ge: Rue dIncourt 20 hours ago Dans une \u00e9tude de lInstitut d\u00e9tudes sur la paix et lunification de lUniversit\u00e9 nationale de S\u00e9oul, pr\u00e8s de la moiti\u00e9 des 116 personnes ayant Rennes 35: Marche pour la paix, intervention et rencontres. Dates: 19092020. Heures: 15 h 00. A Rennes, la marche du 19 septembre partira \u00e0 15h Apr 29, 2015 Rencontres de Gen\u00e8ve Histoire et Cit\u00e9: construire la paix. Le premier festival dhistoire en Suisse se tiendra du 13 au 16 mai sous la Agir pour la paix au moyen: dorganisation de conf\u00e9rences, de d\u00e9bats, de rencontres publiques et priv\u00e9es sous quelque forme que ce soit, de groupe de parole Mon blog: Citoyens du Monde, Jardiniers de la Paix Bonjour, Je mappelle Rachel. Je suis \u00e9ducatrice sp\u00e9cialis\u00e9e de formation. Au cours de mes voyages \u00e0 La conscience de la guerre est un pr\u00e9alable \u00e0 la Paix-Notre organisation a pour vocation de proposer une sagesse politique au service de la paix et de <img decoding=\"async\" src=\"https:\/\/i.la-croix.com\/729x0\/smart\/2019\/09\/20\/1201048870\/Ceremonie-finale-33e-Rencontre-internationale-prierela_0.jpg\" alt=\"rencontres pour la paix\" align=\"right\">.<\/p>\n","protected":false},"excerpt":{"rendered":"<p>1 day ago Le programme des rencontres de la onzi\u00e8me journ\u00e9e de la Premier. Cameroun FECAFOOT: Abdouramman Hamadou collera la paix \u00e0 Etoo 16 3 days ago Quelle soit pour vous une source de bonheur et de paix. Un No\u00ebl de rencontres, un No\u00ebl du coeur. Puissiez-vous vivre \u00e0 plein la joie des par des [&hellip;]<\/p>\n","protected":false},"author":1,"featured_media":0,"comment_status":"closed","ping_status":"closed","sticky":false,"template":"","format":"standard","meta":{"footnotes":""},"categories":[],"tags":[],"class_list":["post-4564","post","type-post","status-publish","format-standard","hentry"],"_links":{"self":[{"href":"https:\/\/eaglehouse.com\/forum\/wp-json\/wp\/v2\/posts\/4564","targetHints":{"allow":["GET"]}}],"collection":[{"href":"https:\/\/eaglehouse.com\/forum\/wp-json\/wp\/v2\/posts"}],"about":[{"href":"https:\/\/eaglehouse.com\/forum\/wp-json\/wp\/v2\/types\/post"}],"author":[{"embeddable":true,"href":"https:\/\/eaglehouse.com\/forum\/wp-json\/wp\/v2\/users\/1"}],"replies":[{"embeddable":true,"href":"https:\/\/eaglehouse.com\/forum\/wp-json\/wp\/v2\/comments?post=4564"}],"version-history":[{"count":0,"href":"https:\/\/eaglehouse.com\/forum\/wp-json\/wp\/v2\/posts\/4564\/revisions"}],"wp:attachment":[{"href":"https:\/\/eaglehouse.com\/forum\/wp-json\/wp\/v2\/media?parent=4564"}],"wp:term":[{"taxonomy":"category","embeddable":true,"href":"https:\/\/eaglehouse.com\/forum\/wp-json\/wp\/v2\/categories?post=4564"},{"taxonomy":"post_tag","embeddable":true,"href":"https:\/\/eaglehouse.com\/forum\/wp-json\/wp\/v2\/tags?post=4564"}],"curies":[{"name":"wp","href":"https:\/\/api.w.org\/{rel}","templated":true}]}}