{"id":5040,"date":"2022-11-13T15:28:14","date_gmt":"2022-11-13T15:28:14","guid":{"rendered":"https:\/\/eaglehouse.com\/forum\/?p=5040"},"modified":"2022-11-13T15:28:14","modified_gmt":"2022-11-13T15:28:14","slug":"rencontre-entre-armenien","status":"publish","type":"post","link":"https:\/\/eaglehouse.com\/forum\/rencontre-entre-armenien\/","title":{"rendered":"Rencontre entre armenien"},"content":{"rendered":"<p>2 days ago Des heurts arm\u00e9s meurtriers ont lieu r\u00e9guli\u00e8rement \u00e0 la fronti\u00e8re entre lArm\u00e9nie et lAzerba\u00efdjan malgr\u00e9 linstauration en novembre 2020 dun 6 days ago On le voit ici, avec lArm\u00e9nie, nation chr\u00e9tienne. Au milieu dun oc\u00e9an islamique, Une guerre entre Arm\u00e9nie et Azerba\u00efdjan Rencontre entre le Premier ministre arm\u00e9nien et la communaut\u00e9 arm\u00e9nienne de. DArm\u00e9nie Nikol Pashinyan en Belgique du 11 au 13 juillet, une rencontre Au XIX e si\u00e8cle, le territoire est partag\u00e9 entre la Russie et lEmpire ottoman. Dimportantes communaut\u00e9s arm\u00e9niennes se d\u00e9veloppent autour dErevan, mais aussi Oct 14, 2009 Abdullah G\u00fcl et son homologue arm\u00e9nien Serge Sarkissian sont arriv\u00e9s \u00e0 Bursa, en Turquie, pour assister \u00e0 un match de football des \u00e9quipes By S Vuillemin 2005 Cest l\u00e0 toute la sp\u00e9cificit\u00e9 de ce m\u00e9dia: plus quune source de connaissance, lexposition donne lieu \u00e0 une v\u00e9ritable rencontre entre des objets et des Nov 11, 2021 France espoirs Arm\u00e9nie: \u00e0 quelle heure et sur quelle cha\u00eene suivre la rencontre. Ce jeudi 11 novembre \u00e0 Grenoble, l\u00e9quipe de France La Turquie a nomm\u00e9 Serdar Kilic envoy\u00e9 sp\u00e9cial pour normaliser les relations entre la Turquie et lArm\u00e9nie, a fait savoir le ministre turc des Affaires <img decoding=\"async\" src=\"https:\/\/www.sirely.com\/images\/site\/image_armenie\/rencontre-entre-hommes-et-femmes-armeniennes.jpg\" alt=\"rencontre entre armenien\" align=\"center\"> 3 days ago LUnion europ\u00e9enne va tenter de sauver le Partenariat oriental nou\u00e9 en 2009 avec lUkraine, la G\u00e9orgie, la Moldavie, lArm\u00e9nie et 3 days ago Le pr\u00e9sident du Conseil europ\u00e9en a rencontr\u00e9 le Pr\u00e9sident azerba\u00efdjanais et le Premier ministre arm\u00e9nien, dans la capitale belge Nov 19, 2021 ARMENIE-AZERBAIDJAN-UE: Rencontre entre Arm\u00e9nie et Azerba\u00efdjan le 15 d\u00e9cembre \u00e0 Bruxelles. RENCONTRE ENTRE ARM\u00c9NIE ET AZERBA\u00cfDJAN LE 15 <img decoding=\"async\" src=\"https:\/\/upload.wikimedia.org\/wikipedia\/commons\/thumb\/9\/9f\/Aliyev%2C_Putin_and_Pashinyan_in_2021.jpg\/220px-Aliyev%2C_Putin_and_Pashinyan_in_2021.jpg\" alt=\"rencontre entre armenien\" align=\"left\"> Berne, 19 12. 2015-Les pr\u00e9sidents dArm\u00e9nie, Serge Sarkissian, et dAzerba\u00efdjan, Ilham Aliyev, se sont r\u00e9unis ce samedi 19 d\u00e9cembre 2015 \u00e0 Berne 2 days ago Ensemble aujourdhui, Emmanuel Macron appara\u00eet \u00e0 c\u00f4t\u00e9 du pr\u00e9sident azerba\u00efdjanais Ilham Aliyev et du Premier ministre arm\u00e9nien Nikol Pachinian R\u00e9publique dIrlande 2-1 R\u00e9publique Tch\u00e8que. Les temps forts de cette rencontre du Groupe A. 20072019 Apr 21, 2018 Je suis pr\u00eat \u00e0 rencontrer le d\u00e9put\u00e9 Nikol Pachinian pour faire baisser les tensions dans le pays via un dialogue entre forces politiques 2 days ago Cest dans ce costume quil a rencontr\u00e9 \u00c9ric Zemmour, pr\u00e9sent en Arm\u00e9nie, du 11 au 14 d\u00e9cembre. Rappelons que Tigran Arak\u00e9lian s\u00e9tait aussi <img decoding=\"async\" src=\"https:\/\/upload.wikimedia.org\/wikipedia\/commons\/thumb\/9\/9f\/Aliyev%2C_Putin_and_Pashinyan_in_2021.jpg\/220px-Aliyev%2C_Putin_and_Pashinyan_in_2021.jpg\" alt=\"rencontre entre armenien\" align=\"center\"> 3 days ago Le pr\u00e9sident du Conseil europ\u00e9en Charles Michel a rencontr\u00e9 s\u00e9par\u00e9ment. Ferroviaires qui devraient assurer la connexion entre leurs pays.<\/p>\n","protected":false},"excerpt":{"rendered":"<p>2 days ago Des heurts arm\u00e9s meurtriers ont lieu r\u00e9guli\u00e8rement \u00e0 la fronti\u00e8re entre lArm\u00e9nie et lAzerba\u00efdjan malgr\u00e9 linstauration en novembre 2020 dun 6 days ago On le voit ici, avec lArm\u00e9nie, nation chr\u00e9tienne. Au milieu dun oc\u00e9an islamique, Une guerre entre Arm\u00e9nie et Azerba\u00efdjan Rencontre entre le Premier ministre arm\u00e9nien et la communaut\u00e9 arm\u00e9nienne [&hellip;]<\/p>\n","protected":false},"author":1,"featured_media":0,"comment_status":"closed","ping_status":"closed","sticky":false,"template":"","format":"standard","meta":{"footnotes":""},"categories":[],"tags":[],"class_list":["post-5040","post","type-post","status-publish","format-standard","hentry"],"_links":{"self":[{"href":"https:\/\/eaglehouse.com\/forum\/wp-json\/wp\/v2\/posts\/5040","targetHints":{"allow":["GET"]}}],"collection":[{"href":"https:\/\/eaglehouse.com\/forum\/wp-json\/wp\/v2\/posts"}],"about":[{"href":"https:\/\/eaglehouse.com\/forum\/wp-json\/wp\/v2\/types\/post"}],"author":[{"embeddable":true,"href":"https:\/\/eaglehouse.com\/forum\/wp-json\/wp\/v2\/users\/1"}],"replies":[{"embeddable":true,"href":"https:\/\/eaglehouse.com\/forum\/wp-json\/wp\/v2\/comments?post=5040"}],"version-history":[{"count":0,"href":"https:\/\/eaglehouse.com\/forum\/wp-json\/wp\/v2\/posts\/5040\/revisions"}],"wp:attachment":[{"href":"https:\/\/eaglehouse.com\/forum\/wp-json\/wp\/v2\/media?parent=5040"}],"wp:term":[{"taxonomy":"category","embeddable":true,"href":"https:\/\/eaglehouse.com\/forum\/wp-json\/wp\/v2\/categories?post=5040"},{"taxonomy":"post_tag","embeddable":true,"href":"https:\/\/eaglehouse.com\/forum\/wp-json\/wp\/v2\/tags?post=5040"}],"curies":[{"name":"wp","href":"https:\/\/api.w.org\/{rel}","templated":true}]}}