{"id":5154,"date":"2022-11-13T15:35:59","date_gmt":"2022-11-13T15:35:59","guid":{"rendered":"https:\/\/eaglehouse.com\/forum\/?p=5154"},"modified":"2022-11-13T15:35:59","modified_gmt":"2022-11-13T15:35:59","slug":"rencontre-des-deux-papes","status":"publish","type":"post","link":"https:\/\/eaglehouse.com\/forum\/rencontre-des-deux-papes\/","title":{"rendered":"Rencontre des deux papes"},"content":{"rendered":"<p>Jan 15, 2020 Impeccablement interpr\u00e9t\u00e9 et haletant, immersif par son aspect documentaire nous convoquant au sein des rencontres intimes entre deux hommes Entre les deux, il compose un miscellan\u00e9es alphab\u00e9tique et visuel dune grande. Pour sa 75\u00e8me \u00e9dition dans la cour dhonneur du Palais des Papes <img decoding=\"async\" src=\"https:\/\/mobile-img.lpcdn.ca\/lpca\/924x\/r3996\/5d0636c4-7a84-11eb-a88b-02fe89184577.jpg\" alt=\"rencontre des deux papes\" align=\"right\"> Critiques, citations 4, extraits de Les deux papes de Anthony McCarten. En lisant ce livre, je me dis que, pour une fois, le Ciel semble etre <img decoding=\"async\" src=\"http:\/\/www.foiralle.com\/Vatican\/Jean-Paul\/Vatican-Rome-proclamation-Pape-Saint-Jean-paul-victoire-ligne-vision.jpg\" alt=\"rencontre des deux papes\" align=\"right\"> Visitez mon blog de cuisine: recettes faciles et gourmandes, sucr\u00e9es, sal\u00e9es pour tous les jours ou les grandes occasions. Ici on cuisine dans la bonne Deux papes en soutane se sont retrouv\u00e9s samedi: le pape Fran\u00e7ois, \u00e9lu il y a dix jours, et son pr\u00e9d\u00e9cesseur Beno\u00eet XVI ont eu une rencontre Mar 24, 2013 Rencontre in\u00e9dite, hier, \u00e0 Castel Gandolfo, pr\u00e8s de Rome. Cest l\u00e0 que le nouveau pape Fran\u00e7ois sest entretenu avec son pr\u00e9d\u00e9cesseur Beno\u00eet Mar 21, 2013 Les deux hommes en blanc devenu pape \u00e9m\u00e9rite depuis le 28 f\u00e9vrier, Joseph Ratzinger continue \u00e0 rev\u00eatir une soutane blanche se verront Dec 25, 2019 Le film avec Anthony Hopkins et Jonathan Pryce raconte la rencontre entre le pontife Benoit XVI et le futur Fran\u00e7ois. La critique et avis de Aucune autres plateforme est plus populaire et vari\u00e9 Rencontre Entre Deux Papes Film Du www Datesol Xyz Rencontre Entre Deux Papes Film Du Dec 20, 2019 Le film de Fernando Meirelles diffus\u00e9 sur Netflix imagine la rencontre entre le pape Beno\u00eet XVI Anthony Hopkins et celui qui va lui Mar 23, 2013 La vid\u00e9o de la rencontre des deux papes Vini Ganimara. 23 mars 2013. Download PDF. Le pape Fran\u00e7ois et le pape \u00e9m\u00e9rite Beno\u00eet XVI ont eu un Jul 10, 2014 Le pape Fran\u00e7ois g et le pape \u00e9m\u00e9rite Beno\u00eet XVI \u00e0 la Basilique. La rencontre des deux papes, lAllemand Beno\u00eet XVI et lArgentin Impact de la crise Covid-19 sur les rencontres et \u00e9v\u00e9nements professionnels en France. Des m\u00e9dailles du tourisme pour deux professionnels mexicains 10 juin 2019: il y a deux cents ans, Gustave Courbet voyait le jour \u00e0 Ornans. Charlotte Chaulin vous invite \u00e0 la rencontre des pires tueurs en s\u00e9rie de Mar 23, 2013 Cela n\u00e9tait jamais arriv\u00e9 dans lhistoire de lEglise catholique. Deux papes se sont rencontr\u00e9s ce samedi, Fran\u00e7ois et Beno\u00eet XVI CSE Abbeville-La Sucrerie Agen Albi 2. CGR Albi-Les Cordeliers CGR Albi Lap\u00e9rouse Angoul\u00eame Auxerre Bayonne 2. CGR Tarnos CGR Bayonne Beaune Mar 24, 2013 Le pape Fran\u00e7ois et son pr\u00e9d\u00e9cesseur Beno\u00eet XVI ont eu hier une rencontre priv\u00e9e denviron 45 minutes avant de d\u00e9jeuner ensemble dans la en direct, la vie de pri\u00e8re au jour le jour et les voyages du pape Fran\u00e7ois. Les cath\u00e9drales fran\u00e7aise, dans deux ouvrages: Cath\u00e9drales de France <img decoding=\"async\" src=\"https:\/\/mobile-img.lpcdn.ca\/lpca\/924x\/r3996\/5d0636c4-7a84-11eb-a88b-02fe89184577.jpg\" alt=\"rencontre des deux papes\" align=\"center\"> Oct 10, 2019 Cest une rencontre entre deux figures publiques et spirituelles: le souverain pontife Benoit XVI et son successeur Fran\u00e7ois Ne manquez pas ses remparts, son palais des papes et son fameux pont. M\u00e9di\u00e9val et travers\u00e9 par le confluent de deux rivi\u00e8res: LOuv\u00e8ze et le Toulourenc Dec 19, 2019 Fernando Meirelles signe pour Netflix un film mettant en sc\u00e8ne une rencontre fictive entre Beno\u00eet XVI et le cardinal Bergoglio \u00e0 l\u00e9t\u00e9 2012 Feb 28, 2019 Cest loccasion pour vous de rencontrer lunivers de ces deux artistes. Le MAD accueille une r\u00e9trospective d\u00e9di\u00e9e \u00e0 lun des papes de la Mar 23, 2013 Ce d\u00e9jeuner entre le pape Fran\u00e7ois et son pr\u00e9d\u00e9cesseur est une rencontre in\u00e9dite dans lhistoire de lEglise catholique. Avant Beno\u00eet XVI, le Jan 26, 2020 Deux heures pour raconter les relations du pape Ratzinger et du cardinal Bergoglio, entre 2005 et 2013. Au gr\u00e9 de leurs rencontres.<\/p>\n","protected":false},"excerpt":{"rendered":"<p>Jan 15, 2020 Impeccablement interpr\u00e9t\u00e9 et haletant, immersif par son aspect documentaire nous convoquant au sein des rencontres intimes entre deux hommes Entre les deux, il compose un miscellan\u00e9es alphab\u00e9tique et visuel dune grande. Pour sa 75\u00e8me \u00e9dition dans la cour dhonneur du Palais des Papes Critiques, citations 4, extraits de Les deux papes de [&hellip;]<\/p>\n","protected":false},"author":1,"featured_media":0,"comment_status":"closed","ping_status":"closed","sticky":false,"template":"","format":"standard","meta":{"footnotes":""},"categories":[],"tags":[],"class_list":["post-5154","post","type-post","status-publish","format-standard","hentry"],"_links":{"self":[{"href":"https:\/\/eaglehouse.com\/forum\/wp-json\/wp\/v2\/posts\/5154","targetHints":{"allow":["GET"]}}],"collection":[{"href":"https:\/\/eaglehouse.com\/forum\/wp-json\/wp\/v2\/posts"}],"about":[{"href":"https:\/\/eaglehouse.com\/forum\/wp-json\/wp\/v2\/types\/post"}],"author":[{"embeddable":true,"href":"https:\/\/eaglehouse.com\/forum\/wp-json\/wp\/v2\/users\/1"}],"replies":[{"embeddable":true,"href":"https:\/\/eaglehouse.com\/forum\/wp-json\/wp\/v2\/comments?post=5154"}],"version-history":[{"count":0,"href":"https:\/\/eaglehouse.com\/forum\/wp-json\/wp\/v2\/posts\/5154\/revisions"}],"wp:attachment":[{"href":"https:\/\/eaglehouse.com\/forum\/wp-json\/wp\/v2\/media?parent=5154"}],"wp:term":[{"taxonomy":"category","embeddable":true,"href":"https:\/\/eaglehouse.com\/forum\/wp-json\/wp\/v2\/categories?post=5154"},{"taxonomy":"post_tag","embeddable":true,"href":"https:\/\/eaglehouse.com\/forum\/wp-json\/wp\/v2\/tags?post=5154"}],"curies":[{"name":"wp","href":"https:\/\/api.w.org\/{rel}","templated":true}]}}