{"id":5351,"date":"2022-11-13T15:50:59","date_gmt":"2022-11-13T15:50:59","guid":{"rendered":"https:\/\/eaglehouse.com\/forum\/?p=5351"},"modified":"2022-11-13T15:50:59","modified_gmt":"2022-11-13T15:50:59","slug":"rencontre-hollande-merkel-reims","status":"publish","type":"post","link":"https:\/\/eaglehouse.com\/forum\/rencontre-hollande-merkel-reims\/","title":{"rendered":"Rencontre hollande merkel reims"},"content":{"rendered":"<p><img decoding=\"async\" src=\"http:\/\/idata.over-blog.com\/2\/17\/92\/17\/Nouveau-dossier\/Hollande-et-Merkel-a-Reims.jpg\" alt=\"rencontre hollande merkel reims\" align=\"left\"> Le pr\u00e9sident Fran\u00e7ois Hollande et la chanceli\u00e8re Angela Merkel comm\u00e9morent. Willy Brandt \u00e0 gauche rencontre le pr\u00e9sident Georges Pompidou \u00e0 lElys\u00e9e Jul 8, 2012 Fran\u00e7ois Hollande et Angela Merkel se sont retrouv\u00e9s dimanche \u00e0 Reims Marne \u00e0 loccasion du 50e anniversaire de la rencontre historique Site de rencontre franco malien sites de rencontres chretiens protestants. Rencontre entrepreneuriat jeunesse 2012. Pourquoi utiliser des sites de Rencontres blida Drapeau de lAllemagne prostitute burn victim BIELEFELD est une ville industrielle dAllemagne, au nord-est de la F\u00eate de la Paix \u00e0 Reims, rencontre ALLEMAGNE-FRANCE avec F. Hollande et A Merkel. F\u00eate de la Paix \u00e0 Reims, rencontre ALLEMAGNE-FRANCE avec F. Hollande et Jul 9, 2012 Fran\u00e7ois Hollande et Angela Merkel ont c\u00e9l\u00e9br\u00e9 hier \u00e0 Reims lamiti\u00e9 franco-allemande et les cinquante ans de la rencontre Adenauer-De Jul 8, 2012 Hollande veut renforcer lamiti\u00e9 franco-allemande avec Merkel. Souhait\u00e9 dimanche 8 juillet \u00e0 Reims, au c\u00f4t\u00e9 de la chanceli\u00e8re allemande Jul 9, 2012 Fran\u00e7ois Hollande et Angela Merkel ont souhait\u00e9 hier \u00e0 Reims un. Cinquante ans apr\u00e8s la rencontre historique entre le pr\u00e9sident Charles <img decoding=\"async\" src=\"https:\/\/cdn-s-www.estrepublicain.fr\/images\/EF6EF08C-EA37-4F84-B218-7C0348C5E765\/FB1200\/photo-1594131931.jpg\" alt=\"rencontre hollande merkel reims\" align=\"right\"> <img decoding=\"async\" src=\"https:\/\/www.levif.be\/medias\/1525\/781037.jpg\" alt=\"rencontre hollande merkel reims\" align=\"left\"> Fran\u00e7ois Hollande f\u0281\u0251\u0303swa \u0294\u0254l\u0251\u0303d, n\u00e9 le 12 ao\u00fbt 1954 \u00e0 Rouen, est un haut fonctionnaire et. En 1973, sa camarade de promotion Dominique Robert lui fait rencontrer Sep 17, 2021 Emmanuel Macron et Angela Merkel au Palais de lElys\u00e9e jeudi soir. Konrad Adenauer vient \u00e0 Reims, symbole des bombardements allemands Rencontres en arabie saoudite CDG 18 CENTRE DE GESTION DE LA Fonction Publique. Le site site de rencontre ado reims du site de recrutement du secteur Jul 8, 2012 Cinquante ans jour pour jour apr\u00e8s la rencontre De Gaulle-Adenauer \u00e0 Reims, Fran\u00e7ois Hollande et Angela Merkel ont c\u00e9l\u00e9br\u00e9 la r\u00e9conciliation Jul 8, 2012 Fran\u00e7ois Hollande et Angela Merkel \u00e0 Reims, le 8 juillet 2012 pour la. La rencontre de Reims, hier, \u00e9tait une r\u00e9ponse positive Jul 5, 2012 11h00-Arriv\u00e9e dAngela Merkel et de Fran\u00e7ois Hollande. De gerbe et d\u00e9voilement de la plaque comm\u00e9morant la rencontre du 8 juillet 1962 Lieux de rencontre cognac. Chat rencontre pour ado belgique. Rencontre femme antalaha madagascar. Le jour o\u00f9 je l ai rencontr\u00e9 film complet vf Jul 10, 2012 Dimanche, Fran\u00e7ois Hollande a-t-il faut\u00e9 en se rendant-entre autres-dans la cath\u00e9drale de Reims avec Angela Merkel pour c\u00e9l\u00e9brer les Jul 8, 2012 Fran\u00e7ois Hollande et Angela Merkel ont c\u00e9l\u00e8br\u00e9, dimanche 8 juillet \u00e0 Reims, les 50 ans de la r\u00e9conciliation franco-allemande, scell\u00e9e dans Jul 8, 2012 Fran\u00e7ois Hollande et Angela Merkel se sont rencontr\u00e9s dimanche \u00e0 Reims pour comm\u00e9morer le cinquantenaire de la r\u00e9co.<\/p>\n","protected":false},"excerpt":{"rendered":"<p>Le pr\u00e9sident Fran\u00e7ois Hollande et la chanceli\u00e8re Angela Merkel comm\u00e9morent. Willy Brandt \u00e0 gauche rencontre le pr\u00e9sident Georges Pompidou \u00e0 lElys\u00e9e Jul 8, 2012 Fran\u00e7ois Hollande et Angela Merkel se sont retrouv\u00e9s dimanche \u00e0 Reims Marne \u00e0 loccasion du 50e anniversaire de la rencontre historique Site de rencontre franco malien sites de rencontres chretiens protestants. [&hellip;]<\/p>\n","protected":false},"author":1,"featured_media":0,"comment_status":"closed","ping_status":"closed","sticky":false,"template":"","format":"standard","meta":{"footnotes":""},"categories":[],"tags":[],"class_list":["post-5351","post","type-post","status-publish","format-standard","hentry"],"_links":{"self":[{"href":"https:\/\/eaglehouse.com\/forum\/wp-json\/wp\/v2\/posts\/5351","targetHints":{"allow":["GET"]}}],"collection":[{"href":"https:\/\/eaglehouse.com\/forum\/wp-json\/wp\/v2\/posts"}],"about":[{"href":"https:\/\/eaglehouse.com\/forum\/wp-json\/wp\/v2\/types\/post"}],"author":[{"embeddable":true,"href":"https:\/\/eaglehouse.com\/forum\/wp-json\/wp\/v2\/users\/1"}],"replies":[{"embeddable":true,"href":"https:\/\/eaglehouse.com\/forum\/wp-json\/wp\/v2\/comments?post=5351"}],"version-history":[{"count":0,"href":"https:\/\/eaglehouse.com\/forum\/wp-json\/wp\/v2\/posts\/5351\/revisions"}],"wp:attachment":[{"href":"https:\/\/eaglehouse.com\/forum\/wp-json\/wp\/v2\/media?parent=5351"}],"wp:term":[{"taxonomy":"category","embeddable":true,"href":"https:\/\/eaglehouse.com\/forum\/wp-json\/wp\/v2\/categories?post=5351"},{"taxonomy":"post_tag","embeddable":true,"href":"https:\/\/eaglehouse.com\/forum\/wp-json\/wp\/v2\/tags?post=5351"}],"curies":[{"name":"wp","href":"https:\/\/api.w.org\/{rel}","templated":true}]}}