{"id":5844,"date":"2022-11-13T16:25:12","date_gmt":"2022-11-13T16:25:12","guid":{"rendered":"https:\/\/eaglehouse.com\/forum\/?p=5844"},"modified":"2022-11-13T16:25:12","modified_gmt":"2022-11-13T16:25:12","slug":"pape-francois-rencontre-journalistes","status":"publish","type":"post","link":"https:\/\/eaglehouse.com\/forum\/pape-francois-rencontre-journalistes\/","title":{"rendered":"Pape fran\u00e7ois rencontre journalistes"},"content":{"rendered":"<p>Politique et soci\u00e9t\u00e9: Pape Fran\u00e7ois, rencontres avec Dominique Wolton EDITIONS DE LO eBook: Fran\u00e7ois, Un journaliste int\u00e9ressant qui parle beaucoup La vraie sagesse est l\u00e0 pour abattre les murs et construire des ponts, nous rappelle le pape Fran\u00e7ois. La sagesse est l\u00e0 pour servir la rencontre et la May 28, 2017. La rencontre entre le pape Fran\u00e7ois et le pr\u00e9sident Donald Trump. Le journaliste Alain Crevier va au-del\u00e0 des quelques clich\u00e9s officiels Jan 25, 2016 Le pape Fran\u00e7ois r\u00e9pondant aux questions de journalistes \u00e0 bord dun avion. Cest-\u00e0-dire aller \u00e0 la rencontre de la presse s\u00e9culi\u00e8re et Jan 23, 2019 T\u00e9l\u00e9charger cette image: Le pape Fran\u00e7ois porte une banni\u00e8re au Panama lorsquil rencontre des journalistes \u00e0 bord dun avion les emportant Oct 18, 2021 Matignon ne voulait pas \u00e9luder le sujet, indique le journaliste, do\u00f9 la pr\u00e9sence de G\u00e9rald Darmanin, ministre de lInt\u00e9rieur et des cultes. 3 days ago. Et de d\u00e9couvrir \u00e0 nouveau la beaut\u00e9 de la rencontre et du dialogue. Ainsi sexprimait \u00e0 Assise le Pape Fran\u00e7ois et ce en amont de. May 27, 2014 La Croix du 27 mai 2014 Ce que le pape Fran\u00e7ois a dit aux. \u00c9voquant une rencontre avec les victimes dabus sexuels, le c\u00e9libat des Sep 5, 2019 A lire aussi: Le pape Fran\u00e7ois rencontre les jeunes au Mozambique. Le pape a parl\u00e9 dun livre r\u00e9cemment sorti par une journaliste Nov 11, 2021 Philip Pullella est aussi un v\u00e9t\u00e9ran de lactualit\u00e9 du Vatican, mais en langue anglaise, et son humour est bien connu dans la Salle de presse du 24 hours ago Des journalistes Guin\u00e9ens en marche contre lemprisonnement de leurs cong\u00e9n\u00e8res. Moi, jai rencontr\u00e9 celles qui \u00e9taient parties en exil Jun 7, 2019 Le pape Fran\u00e7ois sadresse aux journalistes: Lhumilit\u00e9 est un \u00e9l\u00e9ment fondamental de votre profession <img decoding=\"async\" src=\"https:\/\/mvistatic.com\/photosmvi\/2021\/04\/22\/P25999894D4594778G.jpg\" alt=\"pape fran\u00e7ois rencontre journalistes\" align=\"center\"> Oct 26, 2015 Le pape Fran\u00e7ois a accord\u00e9 il y a deux semaines sa premi\u00e8re interview \u00e0 une journaliste fran\u00e7aise. Invit\u00e9e de LCI ce lundi, Caroline Pigozzi Jun 28, 2021 Cit\u00e9 du Vatican-Le secr\u00e9taire dEtat am\u00e9ricain Antony Blinken, le plus haut responsable de l\u00e9quipe pr\u00e9sidentielle de Joe Biden re\u00e7u May 18, 2019 ANI-Rome-Sa Saintet\u00e9 le pape Fran\u00e7ois, a rencontr\u00e9 des correspondants de la presse \u00e9trang\u00e8re accr\u00e9dit\u00e9s aupr\u00e8s du Saint-Si\u00e8ge Feb 6, 2015 Plus tard dans le reportage, on d\u00e9couvre un portrait du pape Fran\u00e7ois. Le journaliste de France 2 s\u00e9tonne: Cest quand m\u00eame votre ami Mar 16, 2013. Pour les pauvres, a d\u00e9clar\u00e9 samedi le pape Fran\u00e7ois \u00e0 loccasion dune rencontre au Vatican avec les journalistes. Vincenzo Pinto AFP Sep 22, 2016 Trois ans apr\u00e8s les avoir s\u00e9duits, au lendemain de son \u00e9lection, le Pape a rencontr\u00e9 400 journalistes ce jeudi midi, 22 septembre 2016 en <img decoding=\"async\" src=\"https:\/\/resize-europe1.lanmedia.fr\/r\/622,311,forcex,center-middle\/img\/var\/europe1\/storage\/images\/europe1\/international\/le-pape-francois-a-malte-pour-renouveler-ses-appels-a-la-paix-et-a-laccueil-4103318\/58407921-1-fre-FR\/Le-pape-Francois-a-Malte-pour-renouveler-ses-appels-a-la-paix-et-a-l-accueil.jpg\" alt=\"pape fran\u00e7ois rencontre journalistes\" align=\"center\"> Sep 3, 2020. Jeudi 3 septembre, pour rencontrer le pape Fran\u00e7ois. Le journaliste Alban Mikoczy fait le point en duplex depuis Rome Italie 4 days ago Semaines Sociales de France. Https: www Lavie. Frmigrants-appel-aux-candidats-a-la-pr Cest un v\u00e9ritable cri que le pape Fran\u00e7ois a lanc\u00e9 Mar 8, 2021 Sa rencontre avec le grand ayatollah Sistani, la fraternit\u00e9 humaine et les critiques, la promesse dun voyage au Liban, sa fatigue <img decoding=\"async\" src=\"https:\/\/presence-info.ca\/wp-content\/uploads\/2021\/05\/20160212T1527-2133-CNS-POPE-PATRIARCH-CUBA_pres.jpg\" alt=\"pape fran\u00e7ois rencontre journalistes\" align=\"center\"> Oct 28, 2021 Carnet de notes du journaliste: pourquoi la rencontre de Biden avec le pape Fran\u00e7ois se d\u00e9marque. Le pape Fran\u00e7ois re\u00e7oit un flux constant de Nova\u00efa Gazeta, vie et mort du journalisme en Russie 07 d\u00e9c. 2021 Par Sylvain Tronchet Russie journalisme prix Nobel. Sabonner Mar 8, 2021 Le pape Fran\u00e7ois est rentr\u00e9 \u00e0 Rome ce lundi apr\u00e8s un p\u00e9riple de trois. Le pape face aux journalistes dans lavion le ramenant \u00e0 Rome Fran\u00e7ois Pape Auteur Entretiens avec des journalistes Paru en mars 2015 Entretien broch\u00e9. Politique et soci\u00e9t\u00e9, rencontres avec Dominique Wolton.<\/p>\n","protected":false},"excerpt":{"rendered":"<p>Politique et soci\u00e9t\u00e9: Pape Fran\u00e7ois, rencontres avec Dominique Wolton EDITIONS DE LO eBook: Fran\u00e7ois, Un journaliste int\u00e9ressant qui parle beaucoup La vraie sagesse est l\u00e0 pour abattre les murs et construire des ponts, nous rappelle le pape Fran\u00e7ois. La sagesse est l\u00e0 pour servir la rencontre et la May 28, 2017. La rencontre entre le [&hellip;]<\/p>\n","protected":false},"author":1,"featured_media":0,"comment_status":"closed","ping_status":"closed","sticky":false,"template":"","format":"standard","meta":{"footnotes":""},"categories":[],"tags":[],"class_list":["post-5844","post","type-post","status-publish","format-standard","hentry"],"_links":{"self":[{"href":"https:\/\/eaglehouse.com\/forum\/wp-json\/wp\/v2\/posts\/5844","targetHints":{"allow":["GET"]}}],"collection":[{"href":"https:\/\/eaglehouse.com\/forum\/wp-json\/wp\/v2\/posts"}],"about":[{"href":"https:\/\/eaglehouse.com\/forum\/wp-json\/wp\/v2\/types\/post"}],"author":[{"embeddable":true,"href":"https:\/\/eaglehouse.com\/forum\/wp-json\/wp\/v2\/users\/1"}],"replies":[{"embeddable":true,"href":"https:\/\/eaglehouse.com\/forum\/wp-json\/wp\/v2\/comments?post=5844"}],"version-history":[{"count":0,"href":"https:\/\/eaglehouse.com\/forum\/wp-json\/wp\/v2\/posts\/5844\/revisions"}],"wp:attachment":[{"href":"https:\/\/eaglehouse.com\/forum\/wp-json\/wp\/v2\/media?parent=5844"}],"wp:term":[{"taxonomy":"category","embeddable":true,"href":"https:\/\/eaglehouse.com\/forum\/wp-json\/wp\/v2\/categories?post=5844"},{"taxonomy":"post_tag","embeddable":true,"href":"https:\/\/eaglehouse.com\/forum\/wp-json\/wp\/v2\/tags?post=5844"}],"curies":[{"name":"wp","href":"https:\/\/api.w.org\/{rel}","templated":true}]}}